{"id":19126,"date":"2024-01-23T20:11:29","date_gmt":"2024-01-23T23:11:29","guid":{"rendered":"https:\/\/radiostudiow.com.br\/site\/?p=19126"},"modified":"2025-01-31T15:02:17","modified_gmt":"2025-01-31T18:02:17","slug":"homem-procura-policia-de-uniao-da-vitoria-apos-receber-ameacas-de-invasores-em-sua-propriedade","status":"publish","type":"post","link":"https:\/\/radiostudiow.com.br\/site\/2024\/01\/23\/homem-procura-policia-de-uniao-da-vitoria-apos-receber-ameacas-de-invasores-em-sua-propriedade\/","title":{"rendered":"Homem procura pol\u00edcia de Uni\u00e3o da Vit\u00f3ria ap\u00f3s receber amea\u00e7as de invasores em sua propriedade"},"content":{"rendered":"\n<p>A equipe da Pol\u00edcia Militar foi acionada VIA COPOM para atender uma situa\u00e7\u00e3o de viola\u00e7\u00e3o de domicilio no bairro Rocio por volta das 20:00 horas dessa segunda-feira (22).<\/p>\n\n\n\n<figure class=\"wp-block-image size-full\"><img decoding=\"async\" src=\"https:\/\/radiostudiow.com.br\/site\/wp-content\/uploads\/2023\/08\/image-127.png\" alt=\"\" class=\"wp-image-14660\"\/><\/figure>\n\n\n\n<p>Os policiais chegaram ao local supracitado onde o solicitante relatou \u00c0 equipe que estava morando em Matinho e que quando voltou para Uni\u00e3o da Vit\u00f3ria haviam tr\u00eas indiv\u00edduos morando num pr\u00e9dio no p\u00e1tio de sua propriedade.<\/p>\n\n\n\n<p>Sendo que o mesmo solicitou que os homens se retirassem de sua propriedade e no momento os autores sa\u00edram, por\u00e9m, alguns dias depois os tr\u00eas indiv\u00edduos voltaram e colocaram um cadeado onde dormiam, impedindo do solicitante entrar.<\/p>\n\n\n\n<p>A v\u00edtima novamente pediu aos autores que se retirassem, eles se recusaram a sair do local, momento que as equipes chegaram no local, os suspeitos haviam se evadido.<\/p>\n\n\n\n<figure class=\"wp-block-image size-full\"><img decoding=\"async\" src=\"https:\/\/radiostudiow.com.br\/site\/wp-content\/uploads\/2024\/01\/SITE-GRANDE5.png\" alt=\"\" class=\"wp-image-18704\"\/><\/figure>\n\n\n\n<p>Diante dos relatos foi realizado patrulhamento pelas proximidades e nenhum dos autores foi localizado.  Os policiais orientaram a v\u00edtima quantos aos procedimentos cab\u00edveis.<\/p>\n","protected":false},"excerpt":{"rendered":"<p>A equipe da Pol\u00edcia Militar foi acionada VIA COPOM para atender uma situa\u00e7\u00e3o de viola\u00e7\u00e3o de domicilio no bairro Rocio por volta das 20:00 horas dessa segunda-feira (22). Os policiais chegaram ao local supracitado onde o solicitante relatou \u00c0 equipe que estava morando em Matinho e que quando voltou para Uni\u00e3o da Vit\u00f3ria haviam tr\u00eas [&hellip;]<\/p>\n","protected":false},"author":2,"featured_media":12363,"comment_status":"open","ping_status":"open","sticky":false,"template":"","format":"standard","meta":{"footnotes":""},"categories":[2],"tags":[172],"class_list":["post-19126","post","type-post","status-publish","format-standard","has-post-thumbnail","hentry","category-policial","tag-featured"],"amp_enabled":true,"_links":{"self":[{"href":"https:\/\/radiostudiow.com.br\/site\/wp-json\/wp\/v2\/posts\/19126","targetHints":{"allow":["GET"]}}],"collection":[{"href":"https:\/\/radiostudiow.com.br\/site\/wp-json\/wp\/v2\/posts"}],"about":[{"href":"https:\/\/radiostudiow.com.br\/site\/wp-json\/wp\/v2\/types\/post"}],"author":[{"embeddable":true,"href":"https:\/\/radiostudiow.com.br\/site\/wp-json\/wp\/v2\/users\/2"}],"replies":[{"embeddable":true,"href":"https:\/\/radiostudiow.com.br\/site\/wp-json\/wp\/v2\/comments?post=19126"}],"version-history":[{"count":2,"href":"https:\/\/radiostudiow.com.br\/site\/wp-json\/wp\/v2\/posts\/19126\/revisions"}],"predecessor-version":[{"id":19128,"href":"https:\/\/radiostudiow.com.br\/site\/wp-json\/wp\/v2\/posts\/19126\/revisions\/19128"}],"wp:featuredmedia":[{"embeddable":true,"href":"https:\/\/radiostudiow.com.br\/site\/wp-json\/wp\/v2\/media\/12363"}],"wp:attachment":[{"href":"https:\/\/radiostudiow.com.br\/site\/wp-json\/wp\/v2\/media?parent=19126"}],"wp:term":[{"taxonomy":"category","embeddable":true,"href":"https:\/\/radiostudiow.com.br\/site\/wp-json\/wp\/v2\/categories?post=19126"},{"taxonomy":"post_tag","embeddable":true,"href":"https:\/\/radiostudiow.com.br\/site\/wp-json\/wp\/v2\/tags?post=19126"}],"curies":[{"name":"wp","href":"https:\/\/api.w.org\/{rel}","templated":true}]}}