{"id":19141,"date":"2024-01-24T10:37:50","date_gmt":"2024-01-24T13:37:50","guid":{"rendered":"https:\/\/radiostudiow.com.br\/site\/?p=19141"},"modified":"2025-01-31T15:02:17","modified_gmt":"2025-01-31T18:02:17","slug":"bombeiros-resgatam-sete-pessoas-presas-em-elevador-em-porto-uniao","status":"publish","type":"post","link":"https:\/\/radiostudiow.com.br\/site\/2024\/01\/24\/bombeiros-resgatam-sete-pessoas-presas-em-elevador-em-porto-uniao\/","title":{"rendered":"Bombeiros resgatam sete pessoas presas em elevador em Porto Uni\u00e3o"},"content":{"rendered":"\n<p>A equipe do Corpo de Bombeiros de Porto Uni\u00e3o esteve mobilizada no resgate de sete pessoas que ficaram presas dentro de um elevador em um edif\u00edcio localizado na \u00e1rea central da cidade.<\/p>\n\n\n\n<figure class=\"wp-block-image size-full\"><img decoding=\"async\" src=\"https:\/\/radiostudiow.com.br\/site\/wp-content\/uploads\/2024\/01\/SITE-GRANDE5.png\" alt=\"\" class=\"wp-image-18704\"\/><\/figure>\n\n\n\n<p>De acordo com informa\u00e7\u00f5es, a situa\u00e7\u00e3o aconteceu na rua Alzer Bormann, por volta das 19:40 horas da noite dessa ter\u00e7a-feira (23).<\/p>\n\n\n\n<p>As sete pessoas teria ficado presas no 10\u00ba andar do edif\u00edcio, sendo que no local os Bombeiros utilizaram a chave de emerg\u00eancia, conseguindo acesso \u00e0 porta do elevador e fazendo a abertura.<\/p>\n\n\n\n<p>Todas as pessoas foram resgatadas com seguran\u00e7a.<\/p>\n\n\n\n<figure class=\"wp-block-image size-full\"><img loading=\"lazy\" decoding=\"async\" width=\"598\" height=\"204\" src=\"https:\/\/radiostudiow.com.br\/site\/wp-content\/uploads\/2024\/01\/SITE-MEDIO.png\" alt=\"\" class=\"wp-image-18916\" srcset=\"https:\/\/radiostudiow.com.br\/site\/wp-content\/uploads\/2024\/01\/SITE-MEDIO.png 598w, https:\/\/radiostudiow.com.br\/site\/wp-content\/uploads\/2024\/01\/SITE-MEDIO-300x102.png 300w\" sizes=\"auto, (max-width: 598px) 100vw, 598px\" \/><\/figure>\n","protected":false},"excerpt":{"rendered":"<p>A equipe do Corpo de Bombeiros de Porto Uni\u00e3o esteve mobilizada no resgate de sete pessoas que ficaram presas dentro de um elevador em um edif\u00edcio localizado na \u00e1rea central da cidade. De acordo com informa\u00e7\u00f5es, a situa\u00e7\u00e3o aconteceu na rua Alzer Bormann, por volta das 19:40 horas da noite dessa ter\u00e7a-feira (23). As sete [&hellip;]<\/p>\n","protected":false},"author":2,"featured_media":15529,"comment_status":"open","ping_status":"open","sticky":false,"template":"","format":"standard","meta":{"footnotes":""},"categories":[185],"tags":[172],"class_list":["post-19141","post","type-post","status-publish","format-standard","has-post-thumbnail","hentry","category-regional","tag-featured"],"amp_enabled":true,"_links":{"self":[{"href":"https:\/\/radiostudiow.com.br\/site\/wp-json\/wp\/v2\/posts\/19141","targetHints":{"allow":["GET"]}}],"collection":[{"href":"https:\/\/radiostudiow.com.br\/site\/wp-json\/wp\/v2\/posts"}],"about":[{"href":"https:\/\/radiostudiow.com.br\/site\/wp-json\/wp\/v2\/types\/post"}],"author":[{"embeddable":true,"href":"https:\/\/radiostudiow.com.br\/site\/wp-json\/wp\/v2\/users\/2"}],"replies":[{"embeddable":true,"href":"https:\/\/radiostudiow.com.br\/site\/wp-json\/wp\/v2\/comments?post=19141"}],"version-history":[{"count":1,"href":"https:\/\/radiostudiow.com.br\/site\/wp-json\/wp\/v2\/posts\/19141\/revisions"}],"predecessor-version":[{"id":19142,"href":"https:\/\/radiostudiow.com.br\/site\/wp-json\/wp\/v2\/posts\/19141\/revisions\/19142"}],"wp:featuredmedia":[{"embeddable":true,"href":"https:\/\/radiostudiow.com.br\/site\/wp-json\/wp\/v2\/media\/15529"}],"wp:attachment":[{"href":"https:\/\/radiostudiow.com.br\/site\/wp-json\/wp\/v2\/media?parent=19141"}],"wp:term":[{"taxonomy":"category","embeddable":true,"href":"https:\/\/radiostudiow.com.br\/site\/wp-json\/wp\/v2\/categories?post=19141"},{"taxonomy":"post_tag","embeddable":true,"href":"https:\/\/radiostudiow.com.br\/site\/wp-json\/wp\/v2\/tags?post=19141"}],"curies":[{"name":"wp","href":"https:\/\/api.w.org\/{rel}","templated":true}]}}