{"id":19153,"date":"2024-01-24T17:02:28","date_gmt":"2024-01-24T20:02:28","guid":{"rendered":"https:\/\/radiostudiow.com.br\/site\/?p=19153"},"modified":"2025-01-31T15:02:17","modified_gmt":"2025-01-31T18:02:17","slug":"homem-e-preso-por-posse-de-drogas-em-reboucas","status":"publish","type":"post","link":"https:\/\/radiostudiow.com.br\/site\/2024\/01\/24\/homem-e-preso-por-posse-de-drogas-em-reboucas\/","title":{"rendered":"Homem \u00e9 preso por posse de drogas em Rebou\u00e7as"},"content":{"rendered":"\n<p>A equipe da Pol\u00edcia Militar de Rebou\u00e7as realizava patrulhamento nesta ter\u00e7a-feira, 24 de janeiro, momento que avistou dois masculinos parados em um ponto de \u00f4nibus juntamente com uma motocicleta na cor azul a qual n\u00e3o possu\u00eda placa de identifica\u00e7\u00e3o, gerando fundada suspeita.<\/p>\n\n\n\n<figure class=\"wp-block-image size-full\"><img loading=\"lazy\" decoding=\"async\" width=\"897\" height=\"204\" src=\"https:\/\/radiostudiow.com.br\/site\/wp-content\/uploads\/2024\/01\/SITE-GRANDE3.png\" alt=\"zaions\" class=\"wp-image-18936\" srcset=\"https:\/\/radiostudiow.com.br\/site\/wp-content\/uploads\/2024\/01\/SITE-GRANDE3.png 897w, https:\/\/radiostudiow.com.br\/site\/wp-content\/uploads\/2024\/01\/SITE-GRANDE3-300x68.png 300w, https:\/\/radiostudiow.com.br\/site\/wp-content\/uploads\/2024\/01\/SITE-GRANDE3-768x175.png 768w\" sizes=\"auto, (max-width: 897px) 100vw, 897px\" \/><\/figure>\n\n\n\n<p>Diante da situa\u00e7\u00e3o, foi realizada abordagem para verificar a proced\u00eancia da motocicleta. Em busca pessoal, foram localizadas 28 gramas de substancia an\u00e1loga a maconha com os abordados, sendo um maior de idade e outro menor de idade.<\/p>\n\n\n\n<p>Em consulta ao sistema SESP intranet foi verificado atrav\u00e9s do n\u00famero do chassi e motor uma pend\u00eancia na documenta\u00e7\u00e3o da motocicleta, por\u00e9m sem alerta de furto\/roubo ou sinais de adultera\u00e7\u00e3o.<\/p>\n\n\n\n<p>Diante dos fatos foi dado voz de pris\u00e3o aos autores, sendo estes conduzidos at\u00e9 a Delegacia de Pol\u00edcia Civil de Rebou\u00e7as para os procedimentos. A motocicleta foi recolhida ao p\u00e1tio da sede do 2\u00ba pelot\u00e3o.<\/p>\n\n\n\n<figure class=\"wp-block-image size-full\"><img loading=\"lazy\" decoding=\"async\" width=\"300\" height=\"180\" src=\"https:\/\/radiostudiow.com.br\/site\/wp-content\/uploads\/2024\/01\/SITE-PEQUENO.png\" alt=\"\" class=\"wp-image-18945\"\/><\/figure>\n\n\n\n<p><em><strong>Vale ressaltar que foi acionado o conselho tutelar para acompanhar a ocorr\u00eancia devido ao fato de um dos indiv\u00edduos ser menor de idade.<\/strong><\/em><\/p>\n\n\n\n<p>Em continuidade as verifica\u00e7\u00f5es, foi constatado que o condutor da moto n\u00e3o possui carteira de habilita\u00e7\u00e3o, sendo assim realizados os devidos autos de infra\u00e7\u00e3o de tr\u00e2nsito.<\/p>\n","protected":false},"excerpt":{"rendered":"<p>A equipe da Pol\u00edcia Militar de Rebou\u00e7as realizava patrulhamento nesta ter\u00e7a-feira, 24 de janeiro, momento que avistou dois masculinos parados em um ponto de \u00f4nibus juntamente com uma motocicleta na cor azul a qual n\u00e3o possu\u00eda placa de identifica\u00e7\u00e3o, gerando fundada suspeita. Diante da situa\u00e7\u00e3o, foi realizada abordagem para verificar a proced\u00eancia da motocicleta. Em [&hellip;]<\/p>\n","protected":false},"author":2,"featured_media":18178,"comment_status":"open","ping_status":"open","sticky":false,"template":"","format":"standard","meta":{"footnotes":""},"categories":[2],"tags":[172],"class_list":["post-19153","post","type-post","status-publish","format-standard","has-post-thumbnail","hentry","category-policial","tag-featured"],"amp_enabled":true,"_links":{"self":[{"href":"https:\/\/radiostudiow.com.br\/site\/wp-json\/wp\/v2\/posts\/19153","targetHints":{"allow":["GET"]}}],"collection":[{"href":"https:\/\/radiostudiow.com.br\/site\/wp-json\/wp\/v2\/posts"}],"about":[{"href":"https:\/\/radiostudiow.com.br\/site\/wp-json\/wp\/v2\/types\/post"}],"author":[{"embeddable":true,"href":"https:\/\/radiostudiow.com.br\/site\/wp-json\/wp\/v2\/users\/2"}],"replies":[{"embeddable":true,"href":"https:\/\/radiostudiow.com.br\/site\/wp-json\/wp\/v2\/comments?post=19153"}],"version-history":[{"count":2,"href":"https:\/\/radiostudiow.com.br\/site\/wp-json\/wp\/v2\/posts\/19153\/revisions"}],"predecessor-version":[{"id":19159,"href":"https:\/\/radiostudiow.com.br\/site\/wp-json\/wp\/v2\/posts\/19153\/revisions\/19159"}],"wp:featuredmedia":[{"embeddable":true,"href":"https:\/\/radiostudiow.com.br\/site\/wp-json\/wp\/v2\/media\/18178"}],"wp:attachment":[{"href":"https:\/\/radiostudiow.com.br\/site\/wp-json\/wp\/v2\/media?parent=19153"}],"wp:term":[{"taxonomy":"category","embeddable":true,"href":"https:\/\/radiostudiow.com.br\/site\/wp-json\/wp\/v2\/categories?post=19153"},{"taxonomy":"post_tag","embeddable":true,"href":"https:\/\/radiostudiow.com.br\/site\/wp-json\/wp\/v2\/tags?post=19153"}],"curies":[{"name":"wp","href":"https:\/\/api.w.org\/{rel}","templated":true}]}}