{"id":19155,"date":"2024-01-24T16:38:07","date_gmt":"2024-01-24T19:38:07","guid":{"rendered":"https:\/\/radiostudiow.com.br\/site\/?p=19155"},"modified":"2025-01-31T15:02:17","modified_gmt":"2025-01-31T18:02:17","slug":"suspeito-de-ter-atirado-em-jovem-apos-discussao-sobre-politica-se-entregou-para-policia-civil-de-prudentopolis","status":"publish","type":"post","link":"https:\/\/radiostudiow.com.br\/site\/2024\/01\/24\/suspeito-de-ter-atirado-em-jovem-apos-discussao-sobre-politica-se-entregou-para-policia-civil-de-prudentopolis\/","title":{"rendered":"Suspeito de ter atirado em jovem ap\u00f3s discuss\u00e3o sobre pol\u00edtica se entregou para Pol\u00edcia Civil de Prudent\u00f3polis"},"content":{"rendered":"\n<p>Suspeito de ter atirado em duas pessoas ap\u00f3s uma discuss\u00e3o sobre pol\u00edtica se entregou na Delegacia da Pol\u00edcia Civil de Prudent\u00f3polis na manh\u00e3 de ter\u00e7a-feira (23). O fato aconteceu no in\u00edcio da noite de domingo (14).<\/p>\n\n\n\n<figure class=\"wp-block-image size-full\"><img decoding=\"async\" src=\"https:\/\/radiostudiow.com.br\/site\/wp-content\/uploads\/2024\/01\/SITE-GRANDE.png\" alt=\"\" class=\"wp-image-18949\"\/><\/figure>\n\n\n\n<p>Um rapaz, de 26 anos, foi atingido por um tiro no pesco\u00e7o. Logo o mesmo foi socorrido e trazido at\u00e9 um hospital em Prudent\u00f3polis de onde foi transferido para a UTI em Guarapuava, onde, a princ\u00edpio, permanece internado em estado grave\/grav\u00edssimo.<\/p>\n\n\n\n<p>O suspeito se apresentou \u00e0 Pol\u00edcia Civil acompanhado de seu advogado. Contra o suspeito tinha um pedido de pris\u00e3o preventiva que foi cumprido, ap\u00f3s ser interrogado ele foi conduzido a cadeia p\u00fablica de Prudent\u00f3polis.<\/p>\n\n\n\n<p>A princ\u00edpio, ele ir\u00e1 responder por dupla tentativa de homic\u00eddio.<\/p>\n\n\n\n<p><strong>O CASO<\/strong><\/p>\n\n\n\n<p>Um epis\u00f3dio violento marcou a comunidade de Barracas, em Prudent\u00f3polis, quando um homem de 35 anos compareceu \u00e0 sede da 4\u00aa CIA PM para relatar um grave incidente envolvendo discuss\u00e3o pol\u00edtica em um bar no domingo, 14 de janeiro de 2024.<\/p>\n\n\n\n<figure class=\"wp-block-image size-full\"><img decoding=\"async\" src=\"https:\/\/radiostudiow.com.br\/site\/wp-content\/uploads\/2024\/01\/SITE-GRANDE5.png\" alt=\"\" class=\"wp-image-18704\"\/><\/figure>\n\n\n\n<p>Segundo o relato, ap\u00f3s uma discuss\u00e3o sobre pol\u00edtica, um homem de 49 anos sacou um rev\u00f3lver, possivelmente calibre .22, e disparou cerca de cinco vezes. Os tiros foram direcionados ao denunciante, e tamb\u00e9m atingiram Emerson Alexsandro Okaranski, de 26 anos, atingindo-o no pesco\u00e7o. A v\u00edtima foi prontamente socorrida pelos presentes e encaminhada ao hospital Santa Casa de Prudent\u00f3polis, em estado grave.<\/p>\n\n\n\n<p>Ap\u00f3s o ocorrido, os presentes tentaram conter o autor dos disparos, por\u00e9m sem sucesso. O autor dos disparos conseguiu fugir do local em um ve\u00edculo VW\/Fox vermelho.<\/p>\n\n\n\n<p>A equipe policial deslocou-se at\u00e9 a regi\u00e3o do ocorrido para realizar buscas, chegando at\u00e9 a resid\u00eancia do agressor na comunidade de Gramadinho. Embora a casa estivesse aberta, as buscas no interior e nas proximidades n\u00e3o resultaram na localiza\u00e7\u00e3o do suspeito.<\/p>\n\n\n\n<figure class=\"wp-block-image size-full\"><img decoding=\"async\" src=\"https:\/\/radiostudiow.com.br\/site\/wp-content\/uploads\/2024\/01\/SITE-PEQUENO3.png\" alt=\"\" class=\"wp-image-18924\"\/><\/figure>\n\n\n\n<p>Posteriormente, a equipe dirigiu-se ao hospital, onde recebeu a informa\u00e7\u00e3o de que o estado de sa\u00fade de Emerson \u00e9 grav\u00edssimo, e que ele estava sendo transferido para um hospital na cidade de Guarapuava.<\/p>\n\n\n\n<p>As partes envolvidas foram orientadas quanto aos procedimentos necess\u00e1rios.<\/p>\n","protected":false},"excerpt":{"rendered":"<p>Suspeito de ter atirado em duas pessoas ap\u00f3s uma discuss\u00e3o sobre pol\u00edtica se entregou na Delegacia da Pol\u00edcia Civil de Prudent\u00f3polis na manh\u00e3 de ter\u00e7a-feira (23). O fato aconteceu no in\u00edcio da noite de domingo (14). Um rapaz, de 26 anos, foi atingido por um tiro no pesco\u00e7o. Logo o mesmo foi socorrido e trazido [&hellip;]<\/p>\n","protected":false},"author":2,"featured_media":19157,"comment_status":"open","ping_status":"open","sticky":false,"template":"","format":"standard","meta":{"footnotes":""},"categories":[2],"tags":[172],"class_list":["post-19155","post","type-post","status-publish","format-standard","has-post-thumbnail","hentry","category-policial","tag-featured"],"amp_enabled":true,"_links":{"self":[{"href":"https:\/\/radiostudiow.com.br\/site\/wp-json\/wp\/v2\/posts\/19155","targetHints":{"allow":["GET"]}}],"collection":[{"href":"https:\/\/radiostudiow.com.br\/site\/wp-json\/wp\/v2\/posts"}],"about":[{"href":"https:\/\/radiostudiow.com.br\/site\/wp-json\/wp\/v2\/types\/post"}],"author":[{"embeddable":true,"href":"https:\/\/radiostudiow.com.br\/site\/wp-json\/wp\/v2\/users\/2"}],"replies":[{"embeddable":true,"href":"https:\/\/radiostudiow.com.br\/site\/wp-json\/wp\/v2\/comments?post=19155"}],"version-history":[{"count":2,"href":"https:\/\/radiostudiow.com.br\/site\/wp-json\/wp\/v2\/posts\/19155\/revisions"}],"predecessor-version":[{"id":19158,"href":"https:\/\/radiostudiow.com.br\/site\/wp-json\/wp\/v2\/posts\/19155\/revisions\/19158"}],"wp:featuredmedia":[{"embeddable":true,"href":"https:\/\/radiostudiow.com.br\/site\/wp-json\/wp\/v2\/media\/19157"}],"wp:attachment":[{"href":"https:\/\/radiostudiow.com.br\/site\/wp-json\/wp\/v2\/media?parent=19155"}],"wp:term":[{"taxonomy":"category","embeddable":true,"href":"https:\/\/radiostudiow.com.br\/site\/wp-json\/wp\/v2\/categories?post=19155"},{"taxonomy":"post_tag","embeddable":true,"href":"https:\/\/radiostudiow.com.br\/site\/wp-json\/wp\/v2\/tags?post=19155"}],"curies":[{"name":"wp","href":"https:\/\/api.w.org\/{rel}","templated":true}]}}