{"id":19161,"date":"2024-01-24T18:06:02","date_gmt":"2024-01-24T21:06:02","guid":{"rendered":"https:\/\/radiostudiow.com.br\/site\/?p=19161"},"modified":"2025-01-31T15:02:17","modified_gmt":"2025-01-31T18:02:17","slug":"saiba-como-funcionara-o-programa-pe-de-meia-para-estudantes","status":"publish","type":"post","link":"https:\/\/radiostudiow.com.br\/site\/2024\/01\/24\/saiba-como-funcionara-o-programa-pe-de-meia-para-estudantes\/","title":{"rendered":"Saiba como funcionar\u00e1 o Programa P\u00e9-de-Meia para estudantes"},"content":{"rendered":"\n<p>A\u00a0<a href=\"https:\/\/www.in.gov.br\/en\/web\/dou\/-\/lei-n-14.818-de-16-de-janeiro-de-2024-538053523\" target=\"_blank\" rel=\"noreferrer noopener\">lei que cria o Programa P\u00e9-de-Meia<\/a>, para incentivo educacional de estudantes do Ensino M\u00e9dio p\u00fablico, foi publicada nesta quarta-feira, 17, no\u00a0<em>Di\u00e1rio Oficial da Uni\u00e3o<\/em>. A legisla\u00e7\u00e3o define quem poder\u00e1 receber e a forma de financiamento do benef\u00edcio, e como e quando o dinheiro poder\u00e1 ser usado.<\/p>\n\n\n\n<figure class=\"wp-block-image size-large\"><img decoding=\"async\" src=\"https:\/\/radiostudiow.com.br\/site\/wp-content\/uploads\/2024\/01\/image-5-1024x379.png\" alt=\"\" class=\"wp-image-18395\"\/><\/figure>\n\n\n\n<p>Embora o detalhamento sobre valores que ser\u00e3o depositados nas poupan\u00e7as e efetiva\u00e7\u00e3o dos saques devam ser regulamentados em outra publica\u00e7\u00e3o, a lei j\u00e1 define quem poder\u00e1 participar do programa. Os principais crit\u00e9rios s\u00e3o relacionados \u00e0 educa\u00e7\u00e3o e renda.<\/p>\n\n\n\n<p><strong>PARA O ENSINO REGULAR<\/strong><\/p>\n\n\n\n<ul class=\"wp-block-list\">\n<li>&#8211; Ser estudante do ensino m\u00e9dio das redes p\u00fablicas;<\/li>\n\n\n\n<li>&#8211; Pertencer a fam\u00edlia inscrita no Cadastro \u00danico para Programas Sociais do Governo Federal (Cad\u00danico);<\/li>\n\n\n\n<li>&#8211; Efetivar a matr\u00edcula no in\u00edcio de cada ano letivo;<\/li>\n\n\n\n<li>&#8211; Ter frequ\u00eancia escolar m\u00ednima de 80% do total de horas;<\/li>\n\n\n\n<li>&#8211; Concluir o ano com aprova\u00e7\u00e3o;<\/li>\n\n\n\n<li>&#8211; Participar dos exames do Sistema de Avalia\u00e7\u00e3o da Educa\u00e7\u00e3o B\u00e1sica (Saeb) e da avalia\u00e7\u00e3o externa de estados e Distrito Federal, para o ensino m\u00e9dio;<\/li>\n\n\n\n<li>&#8211; Participar do Exame Nacional do Ensino M\u00e9dio (Enem), no \u00faltimo ano do ensino m\u00e9dio.<\/li>\n<\/ul>\n\n\n\n<p><strong>PARA A EDUCA\u00c7\u00c3O DE JOVENS E ADULTOS (EJA)<\/strong><\/p>\n\n\n\n<ul class=\"wp-block-list\">\n<li>&#8211; Ter idade entre 19 e 24 anos;<\/li>\n\n\n\n<li>&#8211; Pertencer a fam\u00edlia inscrita no Cadastro \u00danico para Programas Sociais do Governo Federal (Cad\u00danico);<\/li>\n\n\n\n<li>&#8211; Participar no Exame Nacional para Certifica\u00e7\u00e3o de Compet\u00eancias de Jovens e Adultos (Encceja),<\/li>\n\n\n\n<li>&#8211; Participar do Exame Nacional do Ensino M\u00e9dio (Enem).<\/li>\n\n\n\n<li>Estudantes de fam\u00edlias com renda per capita mensal igual ou inferior a R$ 218 ter\u00e3o prioridade na participa\u00e7\u00e3o do programa. Nos casos de fam\u00edlias compostas por uma pessoa, a poupan\u00e7a n\u00e3o poder\u00e1 ser acumulada com o recebimento dos Benef\u00edcios de Renda de Cidadania, Complementar, Primeira Inf\u00e2ncia, Vari\u00e1vel Familiar e Extraordin\u00e1rio de Transi\u00e7\u00e3o.<\/li>\n<\/ul>\n\n\n\n<figure class=\"wp-block-image size-full\"><img decoding=\"async\" src=\"https:\/\/radiostudiow.com.br\/site\/wp-content\/uploads\/2024\/01\/SITE-GRANDE5.png\" alt=\"\" class=\"wp-image-18704\"\/><\/figure>\n\n\n\n<p><strong>FUNDO<\/strong><\/p>\n\n\n\n<p>Alguns dos principais objetivos do Programa P\u00e9-de-Meia est\u00e3o relacionados \u00e0 redu\u00e7\u00e3o das taxas de reten\u00e7\u00e3o, abandono e evas\u00e3o escolar, geralmente causadas por desigualdades e falta de mobilidade sociais.&nbsp;<\/p>\n\n\n\n<p>Inicialmente, o Minist\u00e9rio da Educa\u00e7\u00e3o anunciou um aporte de R$ 20 bilh\u00f5es para integrar a cria\u00e7\u00e3o de um fundo para custear o programa. Desse valor, uma cota de R$ 13 bilh\u00f5es tem origem no super\u00e1vit do fundo social da venda de petr\u00f3leo, g\u00e1s natural e outros hidrocarbonetos, do per\u00edodo de 2018 a 2023.<\/p>\n\n\n\n<p>O fundo ser\u00e1 basicamente constitu\u00eddo pela integra\u00e7\u00e3o de cotas que podem ter origem na Uni\u00e3o e em outras pessoas f\u00edsicas ou jur\u00eddicas, inclusive estados, Distrito Federal e munic\u00edpios; por aplica\u00e7\u00f5es financeiras desses recursos e por outras fontes que ainda ser\u00e3o estabelecidas.<\/p>\n\n\n\n<p>Um agente financeiro oficial dever\u00e1 criar e gerir o fundo, que ter\u00e1 natureza privada e patrim\u00f4nio pr\u00f3prio separado dos cotistas, e sem comunica\u00e7\u00e3o com o patrim\u00f4nio do gestor, ou seja, n\u00e3o poder\u00e1 ser usado de nenhuma forma por bancos p\u00fablicos ou outras institui\u00e7\u00f5es que sejam contratadas para administrar esses recursos.<\/p>\n\n\n\n<p><strong>SAQUE<\/strong><\/p>\n\n\n\n<p>Os recursos ser\u00e3o depositados em uma conta em nome do estudante benefici\u00e1rio, de natureza pessoal e intransfer\u00edvel, que poder\u00e1 ser do tipo poupan\u00e7a social digital. E os valores n\u00e3o entrar\u00e3o no c\u00e1lculo para declara\u00e7\u00e3o de renda familiar e recebimento de outros benef\u00edcios, como Bolsa Fam\u00edlia, por exemplo.<\/p>\n\n\n\n<figure class=\"wp-block-image size-full\"><img loading=\"lazy\" decoding=\"async\" width=\"598\" height=\"204\" src=\"https:\/\/radiostudiow.com.br\/site\/wp-content\/uploads\/2023\/12\/SITE-MEDIO4.png\" alt=\"\" class=\"wp-image-17598\" srcset=\"https:\/\/radiostudiow.com.br\/site\/wp-content\/uploads\/2023\/12\/SITE-MEDIO4.png 598w, https:\/\/radiostudiow.com.br\/site\/wp-content\/uploads\/2023\/12\/SITE-MEDIO4-300x102.png 300w\" sizes=\"auto, (max-width: 598px) 100vw, 598px\" \/><\/figure>\n\n\n\n<p>Os estudantes do ensino regular, benefici\u00e1rios do programa, poder\u00e3o realizar saques, a qualquer momento, nos 3 anos do ensino m\u00e9dio, apenas do percentual relativo \u00e0 manuten\u00e7\u00e3o dos estudos, desde de que cumpram as exig\u00eancias de matr\u00edcula e frequ\u00eancia. Esses valores, dever\u00e3o ser depositados pelo gestor do fundo, ao menos nove vezes ao longo de cada ano.<\/p>\n\n\n\n<p>J\u00e1 os dep\u00f3sitos relativos \u00e0 participa\u00e7\u00e3o nas avalia\u00e7\u00f5es e no Enem, s\u00f3 poder\u00e3o ser sacados depois que o estudante receber o certificado de conclus\u00e3o do ensino m\u00e9dio.<\/p>\n\n\n\n<p>Parte dos recursos depositados poder\u00e1 ser aplicada pelo estudante em t\u00edtulos p\u00fablicos federais ou valores mobili\u00e1rios, principalmente os que s\u00e3o voltados para financiar a educa\u00e7\u00e3o superior.<\/p>\n\n\n\n<p>Estados, Distrito Federal e munic\u00edpios colaborar\u00e3o com informa\u00e7\u00f5es sobre matr\u00edcula e frequ\u00eancia dos estudantes, por exemplo, al\u00e9m de incentivarem a participa\u00e7\u00e3o da sociedade no acompanhamento e fiscaliza\u00e7\u00e3o do programa.<\/p>\n","protected":false},"excerpt":{"rendered":"<p>A\u00a0lei que cria o Programa P\u00e9-de-Meia, para incentivo educacional de estudantes do Ensino M\u00e9dio p\u00fablico, foi publicada nesta quarta-feira, 17, no\u00a0Di\u00e1rio Oficial da Uni\u00e3o. A legisla\u00e7\u00e3o define quem poder\u00e1 receber e a forma de financiamento do benef\u00edcio, e como e quando o dinheiro poder\u00e1 ser usado. Embora o detalhamento sobre valores que ser\u00e3o depositados nas [&hellip;]<\/p>\n","protected":false},"author":2,"featured_media":16875,"comment_status":"open","ping_status":"open","sticky":false,"template":"","format":"standard","meta":{"footnotes":""},"categories":[7],"tags":[172],"class_list":["post-19161","post","type-post","status-publish","format-standard","has-post-thumbnail","hentry","category-geral","tag-featured"],"amp_enabled":true,"_links":{"self":[{"href":"https:\/\/radiostudiow.com.br\/site\/wp-json\/wp\/v2\/posts\/19161","targetHints":{"allow":["GET"]}}],"collection":[{"href":"https:\/\/radiostudiow.com.br\/site\/wp-json\/wp\/v2\/posts"}],"about":[{"href":"https:\/\/radiostudiow.com.br\/site\/wp-json\/wp\/v2\/types\/post"}],"author":[{"embeddable":true,"href":"https:\/\/radiostudiow.com.br\/site\/wp-json\/wp\/v2\/users\/2"}],"replies":[{"embeddable":true,"href":"https:\/\/radiostudiow.com.br\/site\/wp-json\/wp\/v2\/comments?post=19161"}],"version-history":[{"count":2,"href":"https:\/\/radiostudiow.com.br\/site\/wp-json\/wp\/v2\/posts\/19161\/revisions"}],"predecessor-version":[{"id":19171,"href":"https:\/\/radiostudiow.com.br\/site\/wp-json\/wp\/v2\/posts\/19161\/revisions\/19171"}],"wp:featuredmedia":[{"embeddable":true,"href":"https:\/\/radiostudiow.com.br\/site\/wp-json\/wp\/v2\/media\/16875"}],"wp:attachment":[{"href":"https:\/\/radiostudiow.com.br\/site\/wp-json\/wp\/v2\/media?parent=19161"}],"wp:term":[{"taxonomy":"category","embeddable":true,"href":"https:\/\/radiostudiow.com.br\/site\/wp-json\/wp\/v2\/categories?post=19161"},{"taxonomy":"post_tag","embeddable":true,"href":"https:\/\/radiostudiow.com.br\/site\/wp-json\/wp\/v2\/tags?post=19161"}],"curies":[{"name":"wp","href":"https:\/\/api.w.org\/{rel}","templated":true}]}}