{"id":19163,"date":"2024-01-24T18:15:03","date_gmt":"2024-01-24T21:15:03","guid":{"rendered":"https:\/\/radiostudiow.com.br\/site\/?p=19163"},"modified":"2025-01-31T15:02:17","modified_gmt":"2025-01-31T18:02:17","slug":"inscricoes-para-o-sisu-terminam-nesta-quinta-feira-25","status":"publish","type":"post","link":"https:\/\/radiostudiow.com.br\/site\/2024\/01\/24\/inscricoes-para-o-sisu-terminam-nesta-quinta-feira-25\/","title":{"rendered":"Inscri\u00e7\u00f5es para o Sisu terminam nesta quinta-feira (25)"},"content":{"rendered":"\n<p>As inscri\u00e7\u00f5es para o Sistema de Sele\u00e7\u00e3o Unificada (Sisu) 2024 terminam nesta quinta-feira (25), e at\u00e9 as 23h59, hor\u00e1rio que encerra essa fase, os estudantes devem conferir a classifica\u00e7\u00e3o, por meio do\u00a0<a href=\"https:\/\/acessounico.mec.gov.br\/\" target=\"_blank\" rel=\"noreferrer noopener\">Portal \u00danico de Acesso ao Ensino Superior<\/a>. A\u00a0<a href=\"https:\/\/agenciabrasil.ebc.com.br\/educacao\/noticia\/2024-01\/nota-de-corte-parcial-do-sisu-esta-disponivel-para-consulta\" target=\"_blank\" rel=\"noreferrer noopener\">consulta est\u00e1 dispon\u00edvel<\/a>\u00a0desde ter\u00e7a-feira (23), quando o Minist\u00e9rio da Educa\u00e7\u00e3o (MEC) passou a informar a nota de corte parcial, por escolha de curso.<img decoding=\"async\" src=\"https:\/\/agenciabrasil.ebc.com.br\/ebc.png?id=1577496&amp;o=node\"><img decoding=\"async\" src=\"https:\/\/agenciabrasil.ebc.com.br\/ebc.gif?id=1577496&amp;o=node\"><\/p>\n\n\n\n<figure class=\"wp-block-image size-full\"><img decoding=\"async\" src=\"https:\/\/radiostudiow.com.br\/site\/wp-content\/uploads\/2024\/01\/SITE-GRANDE.png\" alt=\"\" class=\"wp-image-18949\"\/><\/figure>\n\n\n\n<p>Todos os estudantes que participaram, fora da condi\u00e7\u00e3o de treineiro, do Exame Nacional do Ensino M\u00e9dio (Enem) e n\u00e3o zeraram a prova de reda\u00e7\u00e3o podem se inscrever no Sisu e optar por concorrer \u00e0s vagas em dois cursos. Automaticamente s\u00e3o classificados de acordo com a m\u00e9dia da nota do Enem, nas vagas disponibilizadas pelas universidades e institutos federais.<\/p>\n\n\n\n<p>Durante essa etapa, os candidatos podem mudar as op\u00e7\u00f5es de curso e, por isso, a nota de corte oscila conforme classifica\u00e7\u00e3o. Est\u00e1 nota \u00e9 a pontua\u00e7\u00e3o do \u00faltimo classificado no total das vagas ofertadas, para cada op\u00e7\u00e3o de curso, e tamb\u00e9m muda conforme h\u00e1 novas inscri\u00e7\u00f5es.<\/p>\n\n\n\n<p>A classifica\u00e7\u00e3o tamb\u00e9m obedece a reserva de vagas, prevista na nova Lei de Cotas e pelas pol\u00edticas de a\u00e7\u00f5es afirmativas das institui\u00e7\u00f5es de ensino, aos candidatos eleg\u00edveis que n\u00e3o classificarem nas vagas de ampla concorr\u00eancia.<\/p>\n\n\n\n<figure class=\"wp-block-image size-full\"><img loading=\"lazy\" decoding=\"async\" width=\"598\" height=\"204\" src=\"https:\/\/radiostudiow.com.br\/site\/wp-content\/uploads\/2024\/01\/SITE-MEDIO.png\" alt=\"\" class=\"wp-image-18916\" srcset=\"https:\/\/radiostudiow.com.br\/site\/wp-content\/uploads\/2024\/01\/SITE-MEDIO.png 598w, https:\/\/radiostudiow.com.br\/site\/wp-content\/uploads\/2024\/01\/SITE-MEDIO-300x102.png 300w\" sizes=\"auto, (max-width: 598px) 100vw, 598px\" \/><\/figure>\n\n\n\n<p>At\u00e9 a noite de ontem, 1.060.386 pessoas j\u00e1 estavam inscritas, ocupando 2.008.580 classifica\u00e7\u00f5es. Este ano, 2.208.932 estudantes est\u00e3o aptos a participar do Sisu, que oferece 264.181 vagas, em 6.827 cursos de gradua\u00e7\u00e3o, em 127 institui\u00e7\u00f5es p\u00fablicas de ensino superior de todo o Brasil.<\/p>\n\n\n\n<p>O resultado final do Sisu dever\u00e1 ser divulgado no dia 30 de janeiro e servir\u00e1 para vagas em cursos com in\u00edcio previsto das aulas para o primeiro e o segundo semestre de 2024. Nessa data, tamb\u00e9m ter\u00e1 in\u00edcio o per\u00edodo de manifesta\u00e7\u00e3o de interesse pela lista de espera, por candidatos n\u00e3o classificados, at\u00e9 o dia 7 de fevereiro. As vagas remanescentes poder\u00e3o ser preenchidas ao longo de todo o ano.<\/p>\n\n\n\n<p><em>Ag\u00eancia Brasil<\/em><\/p>\n","protected":false},"excerpt":{"rendered":"<p>As inscri\u00e7\u00f5es para o Sistema de Sele\u00e7\u00e3o Unificada (Sisu) 2024 terminam nesta quinta-feira (25), e at\u00e9 as 23h59, hor\u00e1rio que encerra essa fase, os estudantes devem conferir a classifica\u00e7\u00e3o, por meio do\u00a0Portal \u00danico de Acesso ao Ensino Superior. A\u00a0consulta est\u00e1 dispon\u00edvel\u00a0desde ter\u00e7a-feira (23), quando o Minist\u00e9rio da Educa\u00e7\u00e3o (MEC) passou a informar a nota de [&hellip;]<\/p>\n","protected":false},"author":2,"featured_media":19164,"comment_status":"open","ping_status":"open","sticky":false,"template":"","format":"standard","meta":{"footnotes":""},"categories":[7],"tags":[172],"class_list":["post-19163","post","type-post","status-publish","format-standard","has-post-thumbnail","hentry","category-geral","tag-featured"],"amp_enabled":true,"_links":{"self":[{"href":"https:\/\/radiostudiow.com.br\/site\/wp-json\/wp\/v2\/posts\/19163","targetHints":{"allow":["GET"]}}],"collection":[{"href":"https:\/\/radiostudiow.com.br\/site\/wp-json\/wp\/v2\/posts"}],"about":[{"href":"https:\/\/radiostudiow.com.br\/site\/wp-json\/wp\/v2\/types\/post"}],"author":[{"embeddable":true,"href":"https:\/\/radiostudiow.com.br\/site\/wp-json\/wp\/v2\/users\/2"}],"replies":[{"embeddable":true,"href":"https:\/\/radiostudiow.com.br\/site\/wp-json\/wp\/v2\/comments?post=19163"}],"version-history":[{"count":1,"href":"https:\/\/radiostudiow.com.br\/site\/wp-json\/wp\/v2\/posts\/19163\/revisions"}],"predecessor-version":[{"id":19165,"href":"https:\/\/radiostudiow.com.br\/site\/wp-json\/wp\/v2\/posts\/19163\/revisions\/19165"}],"wp:featuredmedia":[{"embeddable":true,"href":"https:\/\/radiostudiow.com.br\/site\/wp-json\/wp\/v2\/media\/19164"}],"wp:attachment":[{"href":"https:\/\/radiostudiow.com.br\/site\/wp-json\/wp\/v2\/media?parent=19163"}],"wp:term":[{"taxonomy":"category","embeddable":true,"href":"https:\/\/radiostudiow.com.br\/site\/wp-json\/wp\/v2\/categories?post=19163"},{"taxonomy":"post_tag","embeddable":true,"href":"https:\/\/radiostudiow.com.br\/site\/wp-json\/wp\/v2\/tags?post=19163"}],"curies":[{"name":"wp","href":"https:\/\/api.w.org\/{rel}","templated":true}]}}