{"id":19167,"date":"2024-01-24T18:43:02","date_gmt":"2024-01-24T21:43:02","guid":{"rendered":"https:\/\/radiostudiow.com.br\/site\/?p=19167"},"modified":"2025-01-31T15:02:17","modified_gmt":"2025-01-31T18:02:17","slug":"temporais-provocaram-quebra-de-56-mil-postes-de-energia-da-copel-no-parana-em-2023","status":"publish","type":"post","link":"https:\/\/radiostudiow.com.br\/site\/2024\/01\/24\/temporais-provocaram-quebra-de-56-mil-postes-de-energia-da-copel-no-parana-em-2023\/","title":{"rendered":"Temporais provocaram quebra de 5,6 mil postes de energia da Copel no Paran\u00e1 em 2023"},"content":{"rendered":"\n<p>Copel substituiu, em m\u00e9dia, 15 postes por dia devido a estragos causados por intemp\u00e9ries clim\u00e1ticas. A instala\u00e7\u00e3o dos novos postes no lugar dos avariados equivale \u00e0 quantidade de estruturas necess\u00e1rias para construir uma rede nova de cerca de 320 quil\u00f4metros de extens\u00e3o.<\/p>\n\n\n\n<figure class=\"wp-block-image size-full\"><img decoding=\"async\" src=\"https:\/\/radiostudiow.com.br\/site\/wp-content\/uploads\/2024\/01\/SITE-GRANDE5.png\" alt=\"\" class=\"wp-image-18704\"\/><\/figure>\n\n\n\n<p>Em 2023, o Paran\u00e1 enfrentou 24 temporais de grandes propor\u00e7\u00f5es, o maior n\u00famero no Estado em um ano. Eles provocaram danos graves \u00e0 rede el\u00e9trica, como a quebra de 5.637 postes da rede da Copel no ano passado, uma m\u00e9dia de 15 por dia. A instala\u00e7\u00e3o dos novos postes no lugar dos avariados equivale \u00e0 quantidade de estruturas necess\u00e1rias para construir uma rede nova de cerca de 320 quil\u00f4metros de extens\u00e3o.<\/p>\n\n\n\n<p><em>\u201cEm 2023 n\u00f3s trabalhamos intensamente para reconstruir parte da rede destru\u00edda por temporais e para minimizar os impactos sobre o fornecimento de energia \u00e0 popula\u00e7\u00e3o\u201d, explica a superintendente de Manuten\u00e7\u00e3o da Copel, Andrea Bertolin.<\/em><\/p>\n\n\n\n<p>Ela ressalta\u00a0que,\u00a0al\u00e9m da manuten\u00e7\u00e3o preventiva e mobiliza\u00e7\u00e3o das equipes, a Copel est\u00e1 investindo em amplia\u00e7\u00e3o e moderniza\u00e7\u00e3o da rede.\u00a0<em>\u201cO investimento em novas redes e subesta\u00e7\u00f5es, e a implementa\u00e7\u00e3o\u00a0de programas como o Paran\u00e1 Trif\u00e1sico e o Rede El\u00e9trica Inteligente\u00a0contribuem\u00a0para elevarmos o n\u00edvel de automa\u00e7\u00e3o da rede e empregarmos tecnologia avan\u00e7ada no enfrentamento dos estragos deixados pelos temporais&#8221;, afirma.<\/em><\/p>\n\n\n\n<figure class=\"wp-block-image size-large\"><img decoding=\"async\" src=\"https:\/\/radiostudiow.com.br\/site\/wp-content\/uploads\/2024\/01\/image-5-1024x379.png\" alt=\"\" class=\"wp-image-18395\"\/><\/figure>\n\n\n\n<p>De acordo com o Simepar, no ano passado foram registrados 3.935 epis\u00f3dios de rajadas de ventos acima de 50 km\/h no Paran\u00e1, um aumento de 14% em rela\u00e7\u00e3o a 2022 e de 34,8% na compara\u00e7\u00e3o a 2021. O instituto de meteorologia contabilizou 284.210 raios no Estado em 2023, n\u00famero 25% maior do que em 2022 e 183% superior a 2021.<\/p>\n\n\n\n<p>A primavera do ano passado tamb\u00e9m foi marcada por recordes de temperaturas e chuvas intensas. Segundo o Simepar, os acumulados de chuva superaram os 900 mm em diversos munic\u00edpios durante a esta\u00e7\u00e3o, principalmente no Sudoeste e Centro-Sul paranaense.<\/p>\n\n\n\n<p>As intemp\u00e9ries fazem parte de um contexto mais amplo de temporais que assolaram todo o Paran\u00e1 e est\u00e3o associados ao fen\u00f4meno El Ni\u00f1o. Em duas ocasi\u00f5es, em outubro, os ventos alcan\u00e7aram velocidades de 100 km\/h e provocaram danos graves \u00e0 parte da rede, que precisou ser reconstru\u00edda.<\/p>\n\n\n\n<p><strong>INVESTIMENTOS<\/strong><\/p>\n\n\n\n<p>Para fortalecer a rede el\u00e9trica, em 2023, a Copel destinou R$ 1,878 bilh\u00e3o a obras de amplia\u00e7\u00e3o e refor\u00e7o na distribui\u00e7\u00e3o de energia do Paran\u00e1. O montante foi aplicado em grandes programas de moderniza\u00e7\u00e3o, como o Paran\u00e1 Trif\u00e1sico e o Rede El\u00e9trica Inteligente, al\u00e9m da constru\u00e7\u00e3o de novas linhas, redes e subesta\u00e7\u00f5es.<\/p>\n\n\n\n<figure class=\"wp-block-image size-full\"><img decoding=\"async\" src=\"https:\/\/radiostudiow.com.br\/site\/wp-content\/uploads\/2024\/01\/SITE-GRANDE2.png\" alt=\"\" class=\"wp-image-18938\"\/><\/figure>\n\n\n\n<p>Somente no ano passado, a Copel concluiu 30 grandes obras de constru\u00e7\u00e3o ou amplia\u00e7\u00e3o de subesta\u00e7\u00f5es, linhas de transmiss\u00e3o e de distribui\u00e7\u00e3o de energia no Paran\u00e1.<\/p>\n\n\n\n<p>Em 2024, a companhia vai investir mais R$ 2,091 bilh\u00f5es em obras de melhoria na qualidade do fornecimento de energia da rede no Paran\u00e1. Em distribui\u00e7\u00e3o de energia, os investimentos aprovados somados entre 2019 e 2024 alcan\u00e7am o montante de R$ 8,8 bilh\u00f5es, quase 70% do total que a Copel est\u00e1 aportando nestes cinco anos.<\/p>\n","protected":false},"excerpt":{"rendered":"<p>Copel substituiu, em m\u00e9dia, 15 postes por dia devido a estragos causados por intemp\u00e9ries clim\u00e1ticas. A instala\u00e7\u00e3o dos novos postes no lugar dos avariados equivale \u00e0 quantidade de estruturas necess\u00e1rias para construir uma rede nova de cerca de 320 quil\u00f4metros de extens\u00e3o. Em 2023, o Paran\u00e1 enfrentou 24 temporais de grandes propor\u00e7\u00f5es, o maior n\u00famero [&hellip;]<\/p>\n","protected":false},"author":2,"featured_media":19168,"comment_status":"open","ping_status":"open","sticky":false,"template":"","format":"standard","meta":{"footnotes":""},"categories":[7],"tags":[172],"class_list":["post-19167","post","type-post","status-publish","format-standard","has-post-thumbnail","hentry","category-geral","tag-featured"],"amp_enabled":true,"_links":{"self":[{"href":"https:\/\/radiostudiow.com.br\/site\/wp-json\/wp\/v2\/posts\/19167","targetHints":{"allow":["GET"]}}],"collection":[{"href":"https:\/\/radiostudiow.com.br\/site\/wp-json\/wp\/v2\/posts"}],"about":[{"href":"https:\/\/radiostudiow.com.br\/site\/wp-json\/wp\/v2\/types\/post"}],"author":[{"embeddable":true,"href":"https:\/\/radiostudiow.com.br\/site\/wp-json\/wp\/v2\/users\/2"}],"replies":[{"embeddable":true,"href":"https:\/\/radiostudiow.com.br\/site\/wp-json\/wp\/v2\/comments?post=19167"}],"version-history":[{"count":2,"href":"https:\/\/radiostudiow.com.br\/site\/wp-json\/wp\/v2\/posts\/19167\/revisions"}],"predecessor-version":[{"id":19170,"href":"https:\/\/radiostudiow.com.br\/site\/wp-json\/wp\/v2\/posts\/19167\/revisions\/19170"}],"wp:featuredmedia":[{"embeddable":true,"href":"https:\/\/radiostudiow.com.br\/site\/wp-json\/wp\/v2\/media\/19168"}],"wp:attachment":[{"href":"https:\/\/radiostudiow.com.br\/site\/wp-json\/wp\/v2\/media?parent=19167"}],"wp:term":[{"taxonomy":"category","embeddable":true,"href":"https:\/\/radiostudiow.com.br\/site\/wp-json\/wp\/v2\/categories?post=19167"},{"taxonomy":"post_tag","embeddable":true,"href":"https:\/\/radiostudiow.com.br\/site\/wp-json\/wp\/v2\/tags?post=19167"}],"curies":[{"name":"wp","href":"https:\/\/api.w.org\/{rel}","templated":true}]}}