{"id":19178,"date":"2024-01-25T10:00:59","date_gmt":"2024-01-25T13:00:59","guid":{"rendered":"https:\/\/radiostudiow.com.br\/site\/?p=19178"},"modified":"2025-01-31T15:02:17","modified_gmt":"2025-01-31T18:02:17","slug":"homem-e-preso-apos-ameacar-esposa-e-filho-em-sao-mateus-do-sul","status":"publish","type":"post","link":"https:\/\/radiostudiow.com.br\/site\/2024\/01\/25\/homem-e-preso-apos-ameacar-esposa-e-filho-em-sao-mateus-do-sul\/","title":{"rendered":"Homem \u00e9 preso ap\u00f3s amea\u00e7ar esposa e filho em S\u00e3o Mateus do Sul"},"content":{"rendered":"\n<p>A equipe da Pol\u00edcia Militar foi acionada para atender uma ocorr\u00eancia em que um homem estaria embriagado amea\u00e7ando a sua convivente na localidade de Turvo Barracas por volta das 20:00 horas de quarta-feira (24).<\/p>\n\n\n\n<figure class=\"wp-block-image size-full\"><img decoding=\"async\" src=\"https:\/\/radiostudiow.com.br\/site\/wp-content\/uploads\/2024\/01\/SITE-GRANDE2.png\" alt=\"\" class=\"wp-image-18938\"\/><\/figure>\n\n\n\n<p>No local em contato com a v\u00edtima, ela relatou que seu companheiro chegou na resid\u00eancia, onde ambos moram, aparentemente embriagado, e iniciou ofensas contra ela. Nesse momento o filho interveio pedindo para que o pai parasse de xingar a m\u00e3e, pois ela havia trabalhado o dia todo e estava preparando o jantar para todos.<\/p>\n\n\n\n<p>Diante da interven\u00e7\u00e3o do filho, o indiv\u00edduo ficou irritado e avan\u00e7ou em dire\u00e7\u00e3o ao filho e a companheira, os quais sa\u00edram correndo para fora de casa para evitar o conflito. Neste momento, o autor proferiu amea\u00e7as, tais como \u201cvou matar voc\u00eas dois\u201d e \u201cterei que matar um de voc\u00eas para ter sossego\u201d.<\/p>\n\n\n\n<figure class=\"wp-block-image size-full\"><img decoding=\"async\" src=\"https:\/\/radiostudiow.com.br\/site\/wp-content\/uploads\/2024\/01\/SITE-GRANDE5.png\" alt=\"\" class=\"wp-image-18704\"\/><\/figure>\n\n\n\n<p>Diante desses acontecimentos, a v\u00edtima dirigiu-se \u00e0 casa de uma vizinha e acionou a equipe policial. Frente aos fatos, a equipe deu voz de pris\u00e3o ao indiv\u00edduo e o conduziu at\u00e9 o pronto atendimento, seguindo posteriormente para a delegacia de pol\u00edcia civil para os procedimentos cab\u00edveis.<\/p>\n","protected":false},"excerpt":{"rendered":"<p>A equipe da Pol\u00edcia Militar foi acionada para atender uma ocorr\u00eancia em que um homem estaria embriagado amea\u00e7ando a sua convivente na localidade de Turvo Barracas por volta das 20:00 horas de quarta-feira (24). No local em contato com a v\u00edtima, ela relatou que seu companheiro chegou na resid\u00eancia, onde ambos moram, aparentemente embriagado, e [&hellip;]<\/p>\n","protected":false},"author":2,"featured_media":13251,"comment_status":"open","ping_status":"open","sticky":false,"template":"","format":"standard","meta":{"footnotes":""},"categories":[2],"tags":[172],"class_list":["post-19178","post","type-post","status-publish","format-standard","has-post-thumbnail","hentry","category-policial","tag-featured"],"amp_enabled":true,"_links":{"self":[{"href":"https:\/\/radiostudiow.com.br\/site\/wp-json\/wp\/v2\/posts\/19178","targetHints":{"allow":["GET"]}}],"collection":[{"href":"https:\/\/radiostudiow.com.br\/site\/wp-json\/wp\/v2\/posts"}],"about":[{"href":"https:\/\/radiostudiow.com.br\/site\/wp-json\/wp\/v2\/types\/post"}],"author":[{"embeddable":true,"href":"https:\/\/radiostudiow.com.br\/site\/wp-json\/wp\/v2\/users\/2"}],"replies":[{"embeddable":true,"href":"https:\/\/radiostudiow.com.br\/site\/wp-json\/wp\/v2\/comments?post=19178"}],"version-history":[{"count":2,"href":"https:\/\/radiostudiow.com.br\/site\/wp-json\/wp\/v2\/posts\/19178\/revisions"}],"predecessor-version":[{"id":19180,"href":"https:\/\/radiostudiow.com.br\/site\/wp-json\/wp\/v2\/posts\/19178\/revisions\/19180"}],"wp:featuredmedia":[{"embeddable":true,"href":"https:\/\/radiostudiow.com.br\/site\/wp-json\/wp\/v2\/media\/13251"}],"wp:attachment":[{"href":"https:\/\/radiostudiow.com.br\/site\/wp-json\/wp\/v2\/media?parent=19178"}],"wp:term":[{"taxonomy":"category","embeddable":true,"href":"https:\/\/radiostudiow.com.br\/site\/wp-json\/wp\/v2\/categories?post=19178"},{"taxonomy":"post_tag","embeddable":true,"href":"https:\/\/radiostudiow.com.br\/site\/wp-json\/wp\/v2\/tags?post=19178"}],"curies":[{"name":"wp","href":"https:\/\/api.w.org\/{rel}","templated":true}]}}