{"id":19181,"date":"2024-01-25T10:04:29","date_gmt":"2024-01-25T13:04:29","guid":{"rendered":"https:\/\/radiostudiow.com.br\/site\/?p=19181"},"modified":"2025-01-31T15:02:17","modified_gmt":"2025-01-31T18:02:17","slug":"suspeito-de-trafico-de-drogas-e-abordadofoge-e-troca-tiros-com-os-policiais-militares-em-mallet","status":"publish","type":"post","link":"https:\/\/radiostudiow.com.br\/site\/2024\/01\/25\/suspeito-de-trafico-de-drogas-e-abordadofoge-e-troca-tiros-com-os-policiais-militares-em-mallet\/","title":{"rendered":"SUSPEITO DE TR\u00c1FICO DE DROGAS \u00c9 ABORDADO,FOGE E TROCA\u00a0 TIROS\u00a0 COM OS POLICIAIS MILITARES EM MALLET"},"content":{"rendered":"\n<p><strong>No final da tarde desta quarta-feira (24), em patrulhamento pela Avenida dos Trabalhadores na Vila Caroline em Mallet, a equipe policial do Pelot\u00e3o Cabo Abr\u00e3o Kanclarovicz, deparou-se com um ve\u00edculo o qual\u00a0 \u00e9 conhecido o condutor por\u00a0 ser acusado de in\u00fameras den\u00fancias relacionadas ao crime de tr\u00e1fico de entorpecentes e suspeito de portar arma de fogo.<\/strong><\/p>\n\n\n\n<figure class=\"wp-block-image size-full\"><img loading=\"lazy\" decoding=\"async\" width=\"897\" height=\"204\" src=\"https:\/\/radiostudiow.com.br\/site\/wp-content\/uploads\/2024\/01\/SITE-GRANDE3.png\" alt=\"zaions\" class=\"wp-image-18936\" srcset=\"https:\/\/radiostudiow.com.br\/site\/wp-content\/uploads\/2024\/01\/SITE-GRANDE3.png 897w, https:\/\/radiostudiow.com.br\/site\/wp-content\/uploads\/2024\/01\/SITE-GRANDE3-300x68.png 300w, https:\/\/radiostudiow.com.br\/site\/wp-content\/uploads\/2024\/01\/SITE-GRANDE3-768x175.png 768w\" sizes=\"auto, (max-width: 897px) 100vw, 897px\" \/><\/figure>\n\n\n\n<p>De acordo\u00a0 com os policiais ao passar com a viatura pelo autom\u00f3vel,\u00a0 foi poss\u00edvel\u00a0 notar que o motorista segurava uma garrafa de cerveja e ainda teria uma outra pessoa no banco da frente.<br>Segundo\u00a0 o Boletim de Ocorr\u00eancia, ao retornar para efetuar a abordagem, o motorista arremessou um inv\u00f3lucro pela janela do ve\u00edculo.<\/p>\n\n\n\n<p>Ao se aproximar do carro, o condutor tentou realizar a fuga, mas foi interceptado para a abordagem.\u00a0<br>Antes que a revista pessoal pudesse ser realizada, um dos indiv\u00edduos reagiu, fugindo a p\u00e9.<\/p>\n\n\n\n<p>Na persegui\u00e7\u00e3o ao virar uma esquina, o suspeito acabou sacando uma arma de fogo e atirou contra a equipe policial, que respondeu \u00e0 injusta agress\u00e3o, disparando em sua dire\u00e7\u00e3o.\u00a0<br>O indiv\u00edduo embrenhou-se em um matagal, onde foi perdido o visual do autor escapando da captura.<\/p>\n\n\n\n<figure class=\"wp-block-image size-full\"><img decoding=\"async\" src=\"https:\/\/radiostudiow.com.br\/site\/wp-content\/uploads\/2024\/01\/SITE-GRANDE.png\" alt=\"\" class=\"wp-image-18949\"\/><\/figure>\n\n\n\n<p>Os policiais solicitaram ajuda da equipe da ROTAM onde marcaram presen\u00e7a equipes de S\u00e3o Mateus do Sul e Uni\u00e3o da Vit\u00f3ria,\u00a0 por\u00e9m mesmo com todo o trabalho at\u00e9 a madrugada,\u00a0 n\u00e3o\u00a0 foi localizado o acusado.<\/p>\n\n\n\n<p>O outro ocupante do carro permaneceu no local. Durante a busca no ve\u00edculo, foi encontrada uma bucha contendo 9,4 gramas de uma subst\u00e2ncia an\u00e1loga a maconha, al\u00e9m de 3,2 gramas de uma subst\u00e2ncia semelhante ao crack.<\/p>\n\n\n\n<p>A equipe j\u00e1 tinha conhecimento do envolvimento de ambos os ocupantes no tr\u00e1fico de drogas, com m\u00faltiplas den\u00fancias atrav\u00e9s do telefone 181, inclusive relatando o uso do ve\u00edculo apreendido o qual foi recolhido. A equipe da Pol\u00edcia Civil da 10\u00aa DRP esteve no local, fez registro de imagens.<\/p>\n\n\n\n<figure class=\"wp-block-image size-full\"><img decoding=\"async\" src=\"https:\/\/radiostudiow.com.br\/site\/wp-content\/uploads\/2024\/01\/SITE-GRANDE5.png\" alt=\"\" class=\"wp-image-18704\"\/><\/figure>\n\n\n\n<p>O indiv\u00edduo abordado recebeu voz de pris\u00e3o e foi conduzido \u00e0 4\u00aa SDP (Subdivis\u00e3o Policial) em Uni\u00e3o da Vit\u00f3ria para as devidas provid\u00eancias.<\/p>\n\n\n\n<p><em>Fonte: 27\u00baBPM<br>Foto: Grupos de WhatsApp<\/em><\/p>\n","protected":false},"excerpt":{"rendered":"<p>No final da tarde desta quarta-feira (24), em patrulhamento pela Avenida dos Trabalhadores na Vila Caroline em Mallet, a equipe policial do Pelot\u00e3o Cabo Abr\u00e3o Kanclarovicz, deparou-se com um ve\u00edculo o qual\u00a0 \u00e9 conhecido o condutor por\u00a0 ser acusado de in\u00fameras den\u00fancias relacionadas ao crime de tr\u00e1fico de entorpecentes e suspeito de portar arma de [&hellip;]<\/p>\n","protected":false},"author":2,"featured_media":19182,"comment_status":"open","ping_status":"open","sticky":false,"template":"","format":"standard","meta":{"footnotes":""},"categories":[2],"tags":[172],"class_list":["post-19181","post","type-post","status-publish","format-standard","has-post-thumbnail","hentry","category-policial","tag-featured"],"amp_enabled":true,"_links":{"self":[{"href":"https:\/\/radiostudiow.com.br\/site\/wp-json\/wp\/v2\/posts\/19181","targetHints":{"allow":["GET"]}}],"collection":[{"href":"https:\/\/radiostudiow.com.br\/site\/wp-json\/wp\/v2\/posts"}],"about":[{"href":"https:\/\/radiostudiow.com.br\/site\/wp-json\/wp\/v2\/types\/post"}],"author":[{"embeddable":true,"href":"https:\/\/radiostudiow.com.br\/site\/wp-json\/wp\/v2\/users\/2"}],"replies":[{"embeddable":true,"href":"https:\/\/radiostudiow.com.br\/site\/wp-json\/wp\/v2\/comments?post=19181"}],"version-history":[{"count":1,"href":"https:\/\/radiostudiow.com.br\/site\/wp-json\/wp\/v2\/posts\/19181\/revisions"}],"predecessor-version":[{"id":19183,"href":"https:\/\/radiostudiow.com.br\/site\/wp-json\/wp\/v2\/posts\/19181\/revisions\/19183"}],"wp:featuredmedia":[{"embeddable":true,"href":"https:\/\/radiostudiow.com.br\/site\/wp-json\/wp\/v2\/media\/19182"}],"wp:attachment":[{"href":"https:\/\/radiostudiow.com.br\/site\/wp-json\/wp\/v2\/media?parent=19181"}],"wp:term":[{"taxonomy":"category","embeddable":true,"href":"https:\/\/radiostudiow.com.br\/site\/wp-json\/wp\/v2\/categories?post=19181"},{"taxonomy":"post_tag","embeddable":true,"href":"https:\/\/radiostudiow.com.br\/site\/wp-json\/wp\/v2\/tags?post=19181"}],"curies":[{"name":"wp","href":"https:\/\/api.w.org\/{rel}","templated":true}]}}