{"id":19209,"date":"2024-01-25T15:34:33","date_gmt":"2024-01-25T18:34:33","guid":{"rendered":"https:\/\/radiostudiow.com.br\/site\/?p=19209"},"modified":"2025-01-31T15:02:16","modified_gmt":"2025-01-31T18:02:16","slug":"sicar-vai-estar-fora-de-operacao-entre-9-e-29-de-fevereiro","status":"publish","type":"post","link":"https:\/\/radiostudiow.com.br\/site\/2024\/01\/25\/sicar-vai-estar-fora-de-operacao-entre-9-e-29-de-fevereiro\/","title":{"rendered":"Sicar vai estar fora de opera\u00e7\u00e3o entre 9 e 29 de fevereiro"},"content":{"rendered":"\n<p>O\u00a0<a href=\"https:\/\/www.car.gov.br\/#\/\" target=\"_blank\" rel=\"noreferrer noopener\">Sistema Nacional de Cadastro Ambiental Rural (Sicar)<\/a>\u00a0vai ficar fora de opera\u00e7\u00e3o por 20 dias. Isso porque, entre 9 e 29 de fevereiro, a plataforma vai passar pelo processo de migra\u00e7\u00e3o do Servi\u00e7o Florestal Brasileiro (SFB) para o Minist\u00e9rio da Gest\u00e3o e da Inova\u00e7\u00e3o em Servi\u00e7os P\u00fablicos (MGI), conforme a Lei Federal 14.600\/2023.<\/p>\n\n\n\n<figure class=\"wp-block-image size-full\"><img decoding=\"async\" src=\"https:\/\/radiostudiow.com.br\/site\/wp-content\/uploads\/2024\/01\/SITE-GRANDE.png\" alt=\"\" class=\"wp-image-18949\"\/><\/figure>\n\n\n\n<p>Durante os 20 dias de migra\u00e7\u00e3o, os propriet\u00e1rios de im\u00f3veis rurais n\u00e3o v\u00e3o receber ou integrar informa\u00e7\u00f5es referentes a novos cadastros ou retifica\u00e7\u00f5es, realizar an\u00e1lises, efetuar novos cadastros na Central do Propriet\u00e1rio\/Possuidor ou qualquer outra a\u00e7\u00e3o relacionada \u00e0 edi\u00e7\u00e3o de dados no sistema. Assim, por exemplo, o propriet\u00e1rio que precisa de documenta\u00e7\u00e3o relacionada ao Cadastro Ambiental Rural (CAR) para entregar no banco precisa realizar antes do dia 9 de fevereiro.<\/p>\n\n\n\n<p>Por\u00e9m as consultas continuar\u00e3o dispon\u00edveis, incluindo aquelas efetuadas por institui\u00e7\u00f5es financeiras por meio do Sistema de Opera\u00e7\u00f5es do Cr\u00e9dito Rural (Sicor) e do Programa de Garantia da Atividade Agropecu\u00e1ria (Proagro).<\/p>\n\n\n\n<h2 class=\"wp-block-heading\">An\u00e1lise<\/h2>\n\n\n\n<p>At\u00e9 o final de 2023,\u00a0<a href=\"https:\/\/www.sistemafaep.org.br\/car-atinge-93-no-parana-mas-numero-de-analises-concluidas-ainda-e-pequeno\/\" target=\"_blank\" rel=\"noreferrer noopener\">mais de 510,6 mil produtores rurais do Paran\u00e1 j\u00e1 haviam feito a inscri\u00e7\u00e3o no Cadastro Ambiental Rural (CAR)<\/a>. Isso corresponde a 93% das propriedades rurais do Estado, que totalizam 19,1 milh\u00f5es de hectares. Apesar da enorme ades\u00e3o entre agricultores e pecuaristas, o volume de an\u00e1lises conclu\u00eddas ainda \u00e9 pequeno. Apenas 2.090 cadastros est\u00e3o com an\u00e1lise ambiental conclu\u00edda (0,41%).<\/p>\n\n\n\n<figure class=\"wp-block-image size-full\"><img loading=\"lazy\" decoding=\"async\" width=\"598\" height=\"204\" src=\"https:\/\/radiostudiow.com.br\/site\/wp-content\/uploads\/2024\/01\/SITE-MEDIO.png\" alt=\"\" class=\"wp-image-18916\" srcset=\"https:\/\/radiostudiow.com.br\/site\/wp-content\/uploads\/2024\/01\/SITE-MEDIO.png 598w, https:\/\/radiostudiow.com.br\/site\/wp-content\/uploads\/2024\/01\/SITE-MEDIO-300x102.png 300w\" sizes=\"auto, (max-width: 598px) 100vw, 598px\" \/><\/figure>\n\n\n\n<p>A partir da valida\u00e7\u00e3o do CAR e da identifica\u00e7\u00e3o de passivos ambientais pelo\u00a0<a href=\"https:\/\/www.iat.pr.gov.br\/\" target=\"_blank\" rel=\"noreferrer noopener\">Instituto \u00c1gua e Terra (IAT)<\/a>, o produtor ser\u00e1 notificado para aderir ao Programa de Regulariza\u00e7\u00e3o Ambiental (PRA) no prazo de um ano. As condi\u00e7\u00f5es foram estabelecidas pela\u00a0<a href=\"https:\/\/www.planalto.gov.br\/ccivil_03\/_ato2023-2026\/2023\/lei\/L14595.htm\" target=\"_blank\" rel=\"noreferrer noopener\">Lei 14.595, publicada no dia 5 de junho de 2023<\/a>.<\/p>\n\n\n\n<p><em>\u201cEssa lei trouxe seguran\u00e7a jur\u00eddica para o nosso produtor rural, pois coloca a inscri\u00e7\u00e3o no CAR como condi\u00e7\u00e3o obrigat\u00f3ria para ades\u00e3o ao PRA e que o propriet\u00e1rio do im\u00f3vel tem o prazo de um ano para solicitar, ap\u00f3s a notifica\u00e7\u00e3o pelo \u00f3rg\u00e3o ambiental. Como sabemos que as an\u00e1lises n\u00e3o est\u00e3o ocorrendo na velocidade necess\u00e1ria, os nossos agricultores e pecuaristas est\u00e3o resguardados\u201d, destaca o presidente do Sistema FAEP\/SENAR-PR, \u00c1gide Meneguette.<\/em><\/p>\n\n\n\n<h3 class=\"wp-block-heading\">Confira os servi\u00e7os que estar\u00e3o suspensos durante o per\u00edodo de migra\u00e7\u00e3o:<\/h3>\n\n\n\n<p>\u2013 Receber ou integrar informa\u00e7\u00f5es referentes a novos cadastros ou retifica\u00e7\u00f5es;<\/p>\n\n\n\n<p>\u2013 Retifica\u00e7\u00e3o do cadastro, inclusive para mudan\u00e7a de titularidade;<\/p>\n\n\n\n<p>\u2013 Realizar an\u00e1lises;<\/p>\n\n\n\n<p>\u2013 Efetuar novos cadastros na Central do propriet\u00e1rio\/possuidor;<\/p>\n\n\n\n<p>\u2013 Edi\u00e7\u00e3o de dados no sistema.<\/p>\n","protected":false},"excerpt":{"rendered":"<p>O\u00a0Sistema Nacional de Cadastro Ambiental Rural (Sicar)\u00a0vai ficar fora de opera\u00e7\u00e3o por 20 dias. Isso porque, entre 9 e 29 de fevereiro, a plataforma vai passar pelo processo de migra\u00e7\u00e3o do Servi\u00e7o Florestal Brasileiro (SFB) para o Minist\u00e9rio da Gest\u00e3o e da Inova\u00e7\u00e3o em Servi\u00e7os P\u00fablicos (MGI), conforme a Lei Federal 14.600\/2023. Durante os 20 [&hellip;]<\/p>\n","protected":false},"author":2,"featured_media":19210,"comment_status":"open","ping_status":"open","sticky":false,"template":"","format":"standard","meta":{"footnotes":""},"categories":[7],"tags":[172],"class_list":["post-19209","post","type-post","status-publish","format-standard","has-post-thumbnail","hentry","category-geral","tag-featured"],"amp_enabled":true,"_links":{"self":[{"href":"https:\/\/radiostudiow.com.br\/site\/wp-json\/wp\/v2\/posts\/19209","targetHints":{"allow":["GET"]}}],"collection":[{"href":"https:\/\/radiostudiow.com.br\/site\/wp-json\/wp\/v2\/posts"}],"about":[{"href":"https:\/\/radiostudiow.com.br\/site\/wp-json\/wp\/v2\/types\/post"}],"author":[{"embeddable":true,"href":"https:\/\/radiostudiow.com.br\/site\/wp-json\/wp\/v2\/users\/2"}],"replies":[{"embeddable":true,"href":"https:\/\/radiostudiow.com.br\/site\/wp-json\/wp\/v2\/comments?post=19209"}],"version-history":[{"count":1,"href":"https:\/\/radiostudiow.com.br\/site\/wp-json\/wp\/v2\/posts\/19209\/revisions"}],"predecessor-version":[{"id":19211,"href":"https:\/\/radiostudiow.com.br\/site\/wp-json\/wp\/v2\/posts\/19209\/revisions\/19211"}],"wp:featuredmedia":[{"embeddable":true,"href":"https:\/\/radiostudiow.com.br\/site\/wp-json\/wp\/v2\/media\/19210"}],"wp:attachment":[{"href":"https:\/\/radiostudiow.com.br\/site\/wp-json\/wp\/v2\/media?parent=19209"}],"wp:term":[{"taxonomy":"category","embeddable":true,"href":"https:\/\/radiostudiow.com.br\/site\/wp-json\/wp\/v2\/categories?post=19209"},{"taxonomy":"post_tag","embeddable":true,"href":"https:\/\/radiostudiow.com.br\/site\/wp-json\/wp\/v2\/tags?post=19209"}],"curies":[{"name":"wp","href":"https:\/\/api.w.org\/{rel}","templated":true}]}}