{"id":19217,"date":"2024-01-26T10:38:22","date_gmt":"2024-01-26T13:38:22","guid":{"rendered":"https:\/\/radiostudiow.com.br\/site\/?p=19217"},"modified":"2025-01-31T15:02:16","modified_gmt":"2025-01-31T18:02:16","slug":"bombeiros-encontram-corpo-de-jovem-no-rio-iguacu-em-porto-vitoria","status":"publish","type":"post","link":"https:\/\/radiostudiow.com.br\/site\/2024\/01\/26\/bombeiros-encontram-corpo-de-jovem-no-rio-iguacu-em-porto-vitoria\/","title":{"rendered":"Bombeiros encontram corpo de jovem no rio Igua\u00e7u em Porto Vit\u00f3ria"},"content":{"rendered":"\n<p>A equipe do Corpo de Bombeiros encontrou o corpo de um rapaz nas \u00e1guas do rio Igua\u00e7u na regi\u00e3o de Porto Vit\u00f3ria por volta das 15:00 horas dessa quinta-feira (25).<\/p>\n\n\n\n<figure class=\"wp-block-image size-full\"><img decoding=\"async\" src=\"https:\/\/radiostudiow.com.br\/site\/wp-content\/uploads\/2024\/01\/SITE-GRANDE5.png\" alt=\"\" class=\"wp-image-18704\"\/><\/figure>\n\n\n\n<p>O corpo possivelmente se trata do jovem de 23 anos, Gilson Alves Ribeiro Junior, natural de Ca\u00e7ador que caiu nas \u00e1guas do rio Igua\u00e7u, quando pescava com um amigo no s\u00e1bado (13). As buscas pelo jovem ocorriam desde a data de seu desaparecimento.<\/p>\n\n\n\n<p>Durante os 12 dias de buscas, Corpo de Bombeiros de Uni\u00e3o da Vit\u00f3ria contaram com apoio do Grupo de Opera\u00e7\u00f5es de Socorro T\u00e1tico \u2013 GOST de Curitiba, Bombeiros de outros munic\u00edpios e do helic\u00f3ptero Falc\u00e3o 03 do Batalh\u00e3o da Pol\u00edcia Militar de Opera\u00e7\u00f5es A\u00e9reas.<\/p>\n\n\n\n<figure class=\"wp-block-image size-full\"><img loading=\"lazy\" decoding=\"async\" width=\"300\" height=\"180\" src=\"https:\/\/radiostudiow.com.br\/site\/wp-content\/uploads\/2024\/01\/SITE-PEQUENO.png\" alt=\"\" class=\"wp-image-18945\"\/><\/figure>\n\n\n\n<p>Ap\u00f3s o corpo ter sido localizado, ele foi retirado da \u00e1gua e o Instituto M\u00e9dico Legal \u2013 IML foi acionado para recolher o corpo.<\/p>\n","protected":false},"excerpt":{"rendered":"<p>A equipe do Corpo de Bombeiros encontrou o corpo de um rapaz nas \u00e1guas do rio Igua\u00e7u na regi\u00e3o de Porto Vit\u00f3ria por volta das 15:00 horas dessa quinta-feira (25). O corpo possivelmente se trata do jovem de 23 anos, Gilson Alves Ribeiro Junior, natural de Ca\u00e7ador que caiu nas \u00e1guas do rio Igua\u00e7u, quando [&hellip;]<\/p>\n","protected":false},"author":2,"featured_media":9698,"comment_status":"open","ping_status":"open","sticky":false,"template":"","format":"standard","meta":{"footnotes":""},"categories":[2],"tags":[172],"class_list":["post-19217","post","type-post","status-publish","format-standard","has-post-thumbnail","hentry","category-policial","tag-featured"],"amp_enabled":true,"_links":{"self":[{"href":"https:\/\/radiostudiow.com.br\/site\/wp-json\/wp\/v2\/posts\/19217","targetHints":{"allow":["GET"]}}],"collection":[{"href":"https:\/\/radiostudiow.com.br\/site\/wp-json\/wp\/v2\/posts"}],"about":[{"href":"https:\/\/radiostudiow.com.br\/site\/wp-json\/wp\/v2\/types\/post"}],"author":[{"embeddable":true,"href":"https:\/\/radiostudiow.com.br\/site\/wp-json\/wp\/v2\/users\/2"}],"replies":[{"embeddable":true,"href":"https:\/\/radiostudiow.com.br\/site\/wp-json\/wp\/v2\/comments?post=19217"}],"version-history":[{"count":2,"href":"https:\/\/radiostudiow.com.br\/site\/wp-json\/wp\/v2\/posts\/19217\/revisions"}],"predecessor-version":[{"id":19232,"href":"https:\/\/radiostudiow.com.br\/site\/wp-json\/wp\/v2\/posts\/19217\/revisions\/19232"}],"wp:featuredmedia":[{"embeddable":true,"href":"https:\/\/radiostudiow.com.br\/site\/wp-json\/wp\/v2\/media\/9698"}],"wp:attachment":[{"href":"https:\/\/radiostudiow.com.br\/site\/wp-json\/wp\/v2\/media?parent=19217"}],"wp:term":[{"taxonomy":"category","embeddable":true,"href":"https:\/\/radiostudiow.com.br\/site\/wp-json\/wp\/v2\/categories?post=19217"},{"taxonomy":"post_tag","embeddable":true,"href":"https:\/\/radiostudiow.com.br\/site\/wp-json\/wp\/v2\/tags?post=19217"}],"curies":[{"name":"wp","href":"https:\/\/api.w.org\/{rel}","templated":true}]}}