{"id":19219,"date":"2024-01-26T10:20:21","date_gmt":"2024-01-26T13:20:21","guid":{"rendered":"https:\/\/radiostudiow.com.br\/site\/?p=19219"},"modified":"2025-01-31T15:02:16","modified_gmt":"2025-01-31T18:02:16","slug":"policia-militar-de-uniao-da-vitoria-se-mobilizada-apos-briga-entre-pai-e-filho","status":"publish","type":"post","link":"https:\/\/radiostudiow.com.br\/site\/2024\/01\/26\/policia-militar-de-uniao-da-vitoria-se-mobilizada-apos-briga-entre-pai-e-filho\/","title":{"rendered":"Pol\u00edcia Militar de Uni\u00e3o da Vit\u00f3ria se mobiliza ap\u00f3s briga entre pai e filho"},"content":{"rendered":"\n<p>A equipe da Pol\u00edcia Militar de Uni\u00e3o da Vit\u00f3ria foi acionada para atender a uma ocorr\u00eancia de rixa, envolvendo pai e filho no Distrito de S\u00e3o Crist\u00f3v\u00e3o por volta das 16:47 horas dessa quinta-feira (25).<\/p>\n\n\n\n<figure class=\"wp-block-image size-full\"><img decoding=\"async\" src=\"https:\/\/radiostudiow.com.br\/site\/wp-content\/uploads\/2024\/01\/SITE-PEQUENO3.png\" alt=\"\" class=\"wp-image-18924\"\/><\/figure>\n\n\n\n<p>Durante uma confraterniza\u00e7\u00e3o pai e filho estava ingerindo bebida alco\u00f3lica quando acabaram se desentendendo, iniciando uma briga. A equipe policial foi acionada para acalmar os \u00e2nimos.<\/p>\n\n\n\n<p>Na chegada ao local, os envolvidos j\u00e1 haviam chegado em um consenso. Eles n\u00e3o apresentavam les\u00f5es decorrentes da situa\u00e7\u00e3o e foram orientados a respeito de seus direitos.<\/p>\n\n\n\n<p>O boletim de ocorr\u00eancias foi confeccionado.<\/p>\n\n\n\n<figure class=\"wp-block-image size-full\"><img decoding=\"async\" src=\"https:\/\/radiostudiow.com.br\/site\/wp-content\/uploads\/2024\/01\/SITE-GRANDE5.png\" alt=\"\" class=\"wp-image-18704\"\/><\/figure>\n","protected":false},"excerpt":{"rendered":"<p>A equipe da Pol\u00edcia Militar de Uni\u00e3o da Vit\u00f3ria foi acionada para atender a uma ocorr\u00eancia de rixa, envolvendo pai e filho no Distrito de S\u00e3o Crist\u00f3v\u00e3o por volta das 16:47 horas dessa quinta-feira (25). Durante uma confraterniza\u00e7\u00e3o pai e filho estava ingerindo bebida alco\u00f3lica quando acabaram se desentendendo, iniciando uma briga. A equipe policial [&hellip;]<\/p>\n","protected":false},"author":2,"featured_media":0,"comment_status":"open","ping_status":"open","sticky":false,"template":"","format":"standard","meta":{"footnotes":""},"categories":[2],"tags":[172],"class_list":["post-19219","post","type-post","status-publish","format-standard","hentry","category-policial","tag-featured"],"amp_enabled":true,"_links":{"self":[{"href":"https:\/\/radiostudiow.com.br\/site\/wp-json\/wp\/v2\/posts\/19219","targetHints":{"allow":["GET"]}}],"collection":[{"href":"https:\/\/radiostudiow.com.br\/site\/wp-json\/wp\/v2\/posts"}],"about":[{"href":"https:\/\/radiostudiow.com.br\/site\/wp-json\/wp\/v2\/types\/post"}],"author":[{"embeddable":true,"href":"https:\/\/radiostudiow.com.br\/site\/wp-json\/wp\/v2\/users\/2"}],"replies":[{"embeddable":true,"href":"https:\/\/radiostudiow.com.br\/site\/wp-json\/wp\/v2\/comments?post=19219"}],"version-history":[{"count":4,"href":"https:\/\/radiostudiow.com.br\/site\/wp-json\/wp\/v2\/posts\/19219\/revisions"}],"predecessor-version":[{"id":19237,"href":"https:\/\/radiostudiow.com.br\/site\/wp-json\/wp\/v2\/posts\/19219\/revisions\/19237"}],"wp:attachment":[{"href":"https:\/\/radiostudiow.com.br\/site\/wp-json\/wp\/v2\/media?parent=19219"}],"wp:term":[{"taxonomy":"category","embeddable":true,"href":"https:\/\/radiostudiow.com.br\/site\/wp-json\/wp\/v2\/categories?post=19219"},{"taxonomy":"post_tag","embeddable":true,"href":"https:\/\/radiostudiow.com.br\/site\/wp-json\/wp\/v2\/tags?post=19219"}],"curies":[{"name":"wp","href":"https:\/\/api.w.org\/{rel}","templated":true}]}}