{"id":19221,"date":"2024-01-26T10:00:03","date_gmt":"2024-01-26T13:00:03","guid":{"rendered":"https:\/\/radiostudiow.com.br\/site\/?p=19221"},"modified":"2025-01-31T15:02:16","modified_gmt":"2025-01-31T18:02:16","slug":"reu-e-condenado-a-mais-de-20-anos-de-prisao-pela-morte-de-janaina-em-sao-mateus-do-sul","status":"publish","type":"post","link":"https:\/\/radiostudiow.com.br\/site\/2024\/01\/26\/reu-e-condenado-a-mais-de-20-anos-de-prisao-pela-morte-de-janaina-em-sao-mateus-do-sul\/","title":{"rendered":"R\u00e9u \u00e9 condenado a mais de 20 anos de pris\u00e3o pela morte de Jana\u00edna em S\u00e3o Mateus do Sul"},"content":{"rendered":"\n<p><em>Aconteceu nesta quinta-feira (25), em S\u00e3o Mateus do Sul, o tribunal do j\u00fari em que o r\u00e9u  que<\/em><em> foi condenado a 20 anos e tr\u00eas meses de pris\u00e3o pela morte de Jana\u00edna Pedro dos Santos de 27 anos. O crime aconteceu no dia 6 de janeiro de 2022 na localidade do Lageado, interior do munic\u00edpio, em que o autor atingiu Jana\u00edna com no m\u00ednimo 10 golpes de faca al\u00e9m de hematomas pelo corpo.<\/em><\/p>\n\n\n\n<figure class=\"wp-block-image size-full\"><img decoding=\"async\" src=\"https:\/\/radiostudiow.com.br\/site\/wp-content\/uploads\/2024\/01\/SITE-GRANDE.png\" alt=\"\" class=\"wp-image-18949\"\/><\/figure>\n\n\n\n<p>A condena\u00e7\u00e3o foi por feminic\u00eddio, recurso que dificultou a defesa da v\u00edtima, motivo torpe e meio cruel.<\/p>\n\n\n\n<p>Na ocasi\u00e3o foram ouvidas pessoas que tiveram o contato com o casal e tamb\u00e9m os setores de seguran\u00e7a respons\u00e1veis pelo primeiro atendimento ao crime, como bombeiro e pol\u00edcia militar. Houve tamb\u00e9m a sustenta\u00e7\u00e3o oral do Minist\u00e9rio P\u00fablico e da defesa de Juliano.<\/p>\n\n\n\n<p>Durante todo o j\u00fari, que iniciou por volta das 09:30 horas e finalizou \u00e0s 19:15 horas, o corpo de jurados p\u00f4de compreender detalhes de como foi a noite do crime e tamb\u00e9m ouvir de testemunhas como era a rela\u00e7\u00e3o do casal antes do assassinato.<\/p>\n\n\n\n<p>O autor seguir\u00e1 preso e encaminhado posteriormente para uma penitenci\u00e1ria.<\/p>\n\n\n\n<figure class=\"wp-block-image size-full\"><img decoding=\"async\" src=\"https:\/\/radiostudiow.com.br\/site\/wp-content\/uploads\/2024\/01\/SITE-GRANDE5.png\" alt=\"\" class=\"wp-image-18704\"\/><\/figure>\n\n\n\n<h2 class=\"wp-block-heading\">RELEMBRE O CRIME<\/h2>\n\n\n\n<p>O Corpo de Bombeiros de S\u00e3o Mateus do Sul e a Pol\u00edcia Militar foram acionados para comparecer na localidade do Lageado, interior do munic\u00edpio por volta das 22:50 horas noite de quinta-feira (6).<\/p>\n\n\n\n<p>No local, Jana\u00edna Pedro dos Santos, de 27 anos, j\u00e1 encontrava-se sem vida ap\u00f3s ter sido golpeada por uma faca. O filho do casal, na \u00e9poca com 4 anos, estava na resid\u00eancia. O homem foi contido pelos Bombeiros at\u00e9 a chegada da Pol\u00edcia Militar.<\/p>\n\n\n\n<p>Durante a chegada das equipes de socorro e seguran\u00e7a o autor permaneceu no local e em certo momento, de acordo com a resenha policial, o homem disse ao olhar o corpo: <em>\u201cEssa a\u00ed n\u00e3o me perturba mais.\u201d<\/em><\/p>\n","protected":false},"excerpt":{"rendered":"<p>Aconteceu nesta quinta-feira (25), em S\u00e3o Mateus do Sul, o tribunal do j\u00fari em que o r\u00e9u que foi condenado a 20 anos e tr\u00eas meses de pris\u00e3o pela morte de Jana\u00edna Pedro dos Santos de 27 anos. O crime aconteceu no dia 6 de janeiro de 2022 na localidade do Lageado, interior do munic\u00edpio, [&hellip;]<\/p>\n","protected":false},"author":2,"featured_media":19044,"comment_status":"open","ping_status":"open","sticky":false,"template":"","format":"standard","meta":{"footnotes":""},"categories":[2],"tags":[172],"class_list":["post-19221","post","type-post","status-publish","format-standard","has-post-thumbnail","hentry","category-policial","tag-featured"],"amp_enabled":true,"_links":{"self":[{"href":"https:\/\/radiostudiow.com.br\/site\/wp-json\/wp\/v2\/posts\/19221","targetHints":{"allow":["GET"]}}],"collection":[{"href":"https:\/\/radiostudiow.com.br\/site\/wp-json\/wp\/v2\/posts"}],"about":[{"href":"https:\/\/radiostudiow.com.br\/site\/wp-json\/wp\/v2\/types\/post"}],"author":[{"embeddable":true,"href":"https:\/\/radiostudiow.com.br\/site\/wp-json\/wp\/v2\/users\/2"}],"replies":[{"embeddable":true,"href":"https:\/\/radiostudiow.com.br\/site\/wp-json\/wp\/v2\/comments?post=19221"}],"version-history":[{"count":2,"href":"https:\/\/radiostudiow.com.br\/site\/wp-json\/wp\/v2\/posts\/19221\/revisions"}],"predecessor-version":[{"id":19223,"href":"https:\/\/radiostudiow.com.br\/site\/wp-json\/wp\/v2\/posts\/19221\/revisions\/19223"}],"wp:featuredmedia":[{"embeddable":true,"href":"https:\/\/radiostudiow.com.br\/site\/wp-json\/wp\/v2\/media\/19044"}],"wp:attachment":[{"href":"https:\/\/radiostudiow.com.br\/site\/wp-json\/wp\/v2\/media?parent=19221"}],"wp:term":[{"taxonomy":"category","embeddable":true,"href":"https:\/\/radiostudiow.com.br\/site\/wp-json\/wp\/v2\/categories?post=19221"},{"taxonomy":"post_tag","embeddable":true,"href":"https:\/\/radiostudiow.com.br\/site\/wp-json\/wp\/v2\/tags?post=19221"}],"curies":[{"name":"wp","href":"https:\/\/api.w.org\/{rel}","templated":true}]}}