{"id":19224,"date":"2024-01-26T10:09:06","date_gmt":"2024-01-26T13:09:06","guid":{"rendered":"https:\/\/radiostudiow.com.br\/site\/?p=19224"},"modified":"2025-01-31T15:02:16","modified_gmt":"2025-01-31T18:02:16","slug":"pm-de-antonio-olinto-apreende-arma-de-fogo-ao-cumprir-mandado-de-prisao","status":"publish","type":"post","link":"https:\/\/radiostudiow.com.br\/site\/2024\/01\/26\/pm-de-antonio-olinto-apreende-arma-de-fogo-ao-cumprir-mandado-de-prisao\/","title":{"rendered":"PM de Ant\u00f4nio Olinto apreende arma de fogo ao cumprir mandado de pris\u00e3o"},"content":{"rendered":"\n<p>A equipe da Pol\u00edcia Militar de Ant\u00f4nio Olinto recebeu informa\u00e7\u00e3o de um mandado de pris\u00e3o em desfavor de um homem morador do interior do munic\u00edpio por volta das 15:30 horas dessa quinta-feira (25).<\/p>\n\n\n\n<figure class=\"wp-block-image size-full\"><img loading=\"lazy\" decoding=\"async\" width=\"598\" height=\"204\" src=\"https:\/\/radiostudiow.com.br\/site\/wp-content\/uploads\/2024\/01\/SITE-MEDIO.png\" alt=\"\" class=\"wp-image-18916\" srcset=\"https:\/\/radiostudiow.com.br\/site\/wp-content\/uploads\/2024\/01\/SITE-MEDIO.png 598w, https:\/\/radiostudiow.com.br\/site\/wp-content\/uploads\/2024\/01\/SITE-MEDIO-300x102.png 300w\" sizes=\"auto, (max-width: 598px) 100vw, 598px\" \/><\/figure>\n\n\n\n<p>Diante do fato a equipe policial estava com informa\u00e7\u00e3o do acusado residir na localidade de Santos Andrade. Foi realizado buscas sendo localizado em sua resid\u00eancia.<\/p>\n\n\n\n<p>A equipe policial questionou o suspeito se possu\u00eda arma de fogo, em que foi localizado uma espingarda calibre .12, marca Boito, dois canos e tr\u00eas cartuchos de calibre 12 intactos.<\/p>\n\n\n\n<figure class=\"wp-block-image size-full\"><img decoding=\"async\" src=\"https:\/\/radiostudiow.com.br\/site\/wp-content\/uploads\/2024\/01\/SITE-GRANDE5.png\" alt=\"\" class=\"wp-image-18704\"\/><\/figure>\n\n\n\n<p>A equipe policial ap\u00f3s dar ci\u00eancia do referido mandado, foi lido seus direitos e conduzido o autor posterior encaminhado at\u00e9 a delegacia de Pol\u00edcia Civil para as devidas provid\u00eancias.<\/p>\n","protected":false},"excerpt":{"rendered":"<p>A equipe da Pol\u00edcia Militar de Ant\u00f4nio Olinto recebeu informa\u00e7\u00e3o de um mandado de pris\u00e3o em desfavor de um homem morador do interior do munic\u00edpio por volta das 15:30 horas dessa quinta-feira (25). Diante do fato a equipe policial estava com informa\u00e7\u00e3o do acusado residir na localidade de Santos Andrade. Foi realizado buscas sendo localizado [&hellip;]<\/p>\n","protected":false},"author":2,"featured_media":19225,"comment_status":"open","ping_status":"open","sticky":false,"template":"","format":"standard","meta":{"footnotes":""},"categories":[2],"tags":[172],"class_list":["post-19224","post","type-post","status-publish","format-standard","has-post-thumbnail","hentry","category-policial","tag-featured"],"amp_enabled":true,"_links":{"self":[{"href":"https:\/\/radiostudiow.com.br\/site\/wp-json\/wp\/v2\/posts\/19224","targetHints":{"allow":["GET"]}}],"collection":[{"href":"https:\/\/radiostudiow.com.br\/site\/wp-json\/wp\/v2\/posts"}],"about":[{"href":"https:\/\/radiostudiow.com.br\/site\/wp-json\/wp\/v2\/types\/post"}],"author":[{"embeddable":true,"href":"https:\/\/radiostudiow.com.br\/site\/wp-json\/wp\/v2\/users\/2"}],"replies":[{"embeddable":true,"href":"https:\/\/radiostudiow.com.br\/site\/wp-json\/wp\/v2\/comments?post=19224"}],"version-history":[{"count":2,"href":"https:\/\/radiostudiow.com.br\/site\/wp-json\/wp\/v2\/posts\/19224\/revisions"}],"predecessor-version":[{"id":19230,"href":"https:\/\/radiostudiow.com.br\/site\/wp-json\/wp\/v2\/posts\/19224\/revisions\/19230"}],"wp:featuredmedia":[{"embeddable":true,"href":"https:\/\/radiostudiow.com.br\/site\/wp-json\/wp\/v2\/media\/19225"}],"wp:attachment":[{"href":"https:\/\/radiostudiow.com.br\/site\/wp-json\/wp\/v2\/media?parent=19224"}],"wp:term":[{"taxonomy":"category","embeddable":true,"href":"https:\/\/radiostudiow.com.br\/site\/wp-json\/wp\/v2\/categories?post=19224"},{"taxonomy":"post_tag","embeddable":true,"href":"https:\/\/radiostudiow.com.br\/site\/wp-json\/wp\/v2\/tags?post=19224"}],"curies":[{"name":"wp","href":"https:\/\/api.w.org\/{rel}","templated":true}]}}