{"id":19227,"date":"2024-01-26T10:03:35","date_gmt":"2024-01-26T13:03:35","guid":{"rendered":"https:\/\/radiostudiow.com.br\/site\/?p=19227"},"modified":"2025-01-31T15:02:16","modified_gmt":"2025-01-31T18:02:16","slug":"homem-e-multado-em-mais-de-r-400-mil-em-crimes-ambientais-em-sao-mateus-do-sul","status":"publish","type":"post","link":"https:\/\/radiostudiow.com.br\/site\/2024\/01\/26\/homem-e-multado-em-mais-de-r-400-mil-em-crimes-ambientais-em-sao-mateus-do-sul\/","title":{"rendered":"Homem \u00e9 multado em mais de R$ 400 mil em crimes ambientais em S\u00e3o Mateus do Sul"},"content":{"rendered":"\n<p>Em atendimento a den\u00fancia recebida no telefone 181, Policiais Ambientais constataram nesta semana em uma propriedade rural na localidade de Rosas, munic\u00edpio de S\u00e3o Mateus do Sul \u2013 PR, o corte de 819 (tocos) de pinheiro Arauc\u00e1ria e 19 (tocos) de Imbuia, esp\u00e9cies amea\u00e7adas de extin\u00e7\u00e3o.<\/p>\n\n\n\n<figure class=\"wp-block-image size-full\"><img decoding=\"async\" src=\"https:\/\/radiostudiow.com.br\/site\/wp-content\/uploads\/2024\/01\/SITE-GRANDE4.png\" alt=\"\" class=\"wp-image-18920\"\/><\/figure>\n\n\n\n<p>Devido ao propriet\u00e1rio do im\u00f3vel n\u00e3o possuir autoriza\u00e7\u00e3o ambiental para realizar os cortes foi autuado no valor de R$ 419.000,00 e ainda responder\u00e1 criminalmente pelos danos.<\/p>\n\n\n\n<p><em>\u201cA a\u00e7\u00e3o dos policiais ambientais destaca a import\u00e2ncia da vigil\u00e2ncia e den\u00fancias da comunidade na preserva\u00e7\u00e3o de esp\u00e9cies amea\u00e7adas e na coibi\u00e7\u00e3o de atividades ilegais que comprometem a biodiversidade\u201d, destaca a For\u00e7a Verde.<\/em><\/p>\n\n\n\n<figure class=\"wp-block-image size-full\"><img decoding=\"async\" src=\"https:\/\/radiostudiow.com.br\/site\/wp-content\/uploads\/2024\/01\/SITE-GRANDE5.png\" alt=\"\" class=\"wp-image-18704\"\/><\/figure>\n\n\n\n<p><em>Com informa\u00e7\u00f5es Pol\u00edcia Ambiental<\/em><\/p>\n","protected":false},"excerpt":{"rendered":"<p>Em atendimento a den\u00fancia recebida no telefone 181, Policiais Ambientais constataram nesta semana em uma propriedade rural na localidade de Rosas, munic\u00edpio de S\u00e3o Mateus do Sul \u2013 PR, o corte de 819 (tocos) de pinheiro Arauc\u00e1ria e 19 (tocos) de Imbuia, esp\u00e9cies amea\u00e7adas de extin\u00e7\u00e3o. Devido ao propriet\u00e1rio do im\u00f3vel n\u00e3o possuir autoriza\u00e7\u00e3o ambiental [&hellip;]<\/p>\n","protected":false},"author":2,"featured_media":19228,"comment_status":"open","ping_status":"open","sticky":false,"template":"","format":"standard","meta":{"footnotes":""},"categories":[2],"tags":[172],"class_list":["post-19227","post","type-post","status-publish","format-standard","has-post-thumbnail","hentry","category-policial","tag-featured"],"amp_enabled":true,"_links":{"self":[{"href":"https:\/\/radiostudiow.com.br\/site\/wp-json\/wp\/v2\/posts\/19227","targetHints":{"allow":["GET"]}}],"collection":[{"href":"https:\/\/radiostudiow.com.br\/site\/wp-json\/wp\/v2\/posts"}],"about":[{"href":"https:\/\/radiostudiow.com.br\/site\/wp-json\/wp\/v2\/types\/post"}],"author":[{"embeddable":true,"href":"https:\/\/radiostudiow.com.br\/site\/wp-json\/wp\/v2\/users\/2"}],"replies":[{"embeddable":true,"href":"https:\/\/radiostudiow.com.br\/site\/wp-json\/wp\/v2\/comments?post=19227"}],"version-history":[{"count":1,"href":"https:\/\/radiostudiow.com.br\/site\/wp-json\/wp\/v2\/posts\/19227\/revisions"}],"predecessor-version":[{"id":19229,"href":"https:\/\/radiostudiow.com.br\/site\/wp-json\/wp\/v2\/posts\/19227\/revisions\/19229"}],"wp:featuredmedia":[{"embeddable":true,"href":"https:\/\/radiostudiow.com.br\/site\/wp-json\/wp\/v2\/media\/19228"}],"wp:attachment":[{"href":"https:\/\/radiostudiow.com.br\/site\/wp-json\/wp\/v2\/media?parent=19227"}],"wp:term":[{"taxonomy":"category","embeddable":true,"href":"https:\/\/radiostudiow.com.br\/site\/wp-json\/wp\/v2\/categories?post=19227"},{"taxonomy":"post_tag","embeddable":true,"href":"https:\/\/radiostudiow.com.br\/site\/wp-json\/wp\/v2\/tags?post=19227"}],"curies":[{"name":"wp","href":"https:\/\/api.w.org\/{rel}","templated":true}]}}