{"id":19234,"date":"2024-01-26T11:34:49","date_gmt":"2024-01-26T14:34:49","guid":{"rendered":"https:\/\/radiostudiow.com.br\/site\/?p=19234"},"modified":"2025-01-31T15:02:16","modified_gmt":"2025-01-31T18:02:16","slug":"motorista-procura-policia-apos-lacre-de-bau-de-caminhao-ser-rompido-em-general-carneiro","status":"publish","type":"post","link":"https:\/\/radiostudiow.com.br\/site\/2024\/01\/26\/motorista-procura-policia-apos-lacre-de-bau-de-caminhao-ser-rompido-em-general-carneiro\/","title":{"rendered":"Motorista procura pol\u00edcia ap\u00f3s lacre de ba\u00fa de caminh\u00e3o ser rompido em General Carneiro"},"content":{"rendered":"\n<p>Um senhor compareceu ao Pelot\u00e3o da Pol\u00edcia Militar de General Carneiro por volta das 01:20 horas dessa quinta-feira, 25 de janeiro, relatado um dano em seu caminh\u00e3o.<\/p>\n\n\n\n<figure class=\"wp-block-image size-full\"><img decoding=\"async\" src=\"https:\/\/radiostudiow.com.br\/site\/wp-content\/uploads\/2024\/01\/SITE-GRANDE5.png\" alt=\"\" class=\"wp-image-18704\"\/><\/figure>\n\n\n\n<p>De acordo com o solicitante, ele estava pernoitando no posto, quando foi avisado pelo rastreamento de de risco de que foi recebido um alerta de viola\u00e7\u00e3o do ba\u00fa e do rompimento do lacre da porta do ba\u00fa de seu caminh\u00e3o.<\/p>\n\n\n\n<p>De imediato o motorista desceu da cabine para olhar o ba\u00fa, achando que haviam furtado seu carregamento, mas somente o lacre foi rompido. Havia arranh\u00f5es perto do trinco na tentativa de abrir o b\u00e1u.<\/p>\n\n\n\n<figure class=\"wp-block-image size-full\"><img loading=\"lazy\" decoding=\"async\" width=\"598\" height=\"204\" src=\"https:\/\/radiostudiow.com.br\/site\/wp-content\/uploads\/2024\/01\/SITE-MEDIO.png\" alt=\"\" class=\"wp-image-18916\" srcset=\"https:\/\/radiostudiow.com.br\/site\/wp-content\/uploads\/2024\/01\/SITE-MEDIO.png 598w, https:\/\/radiostudiow.com.br\/site\/wp-content\/uploads\/2024\/01\/SITE-MEDIO-300x102.png 300w\" sizes=\"auto, (max-width: 598px) 100vw, 598px\" \/><\/figure>\n\n\n\n<p>Diante da situa\u00e7\u00e3o a equipe policial passou orienta\u00e7\u00f5es foram repassadas e o Boletim foi confeccionado.<\/p>\n","protected":false},"excerpt":{"rendered":"<p>Um senhor compareceu ao Pelot\u00e3o da Pol\u00edcia Militar de General Carneiro por volta das 01:20 horas dessa quinta-feira, 25 de janeiro, relatado um dano em seu caminh\u00e3o. De acordo com o solicitante, ele estava pernoitando no posto, quando foi avisado pelo rastreamento de de risco de que foi recebido um alerta de viola\u00e7\u00e3o do ba\u00fa [&hellip;]<\/p>\n","protected":false},"author":2,"featured_media":18707,"comment_status":"open","ping_status":"open","sticky":false,"template":"","format":"standard","meta":{"footnotes":""},"categories":[2],"tags":[172],"class_list":["post-19234","post","type-post","status-publish","format-standard","has-post-thumbnail","hentry","category-policial","tag-featured"],"amp_enabled":true,"_links":{"self":[{"href":"https:\/\/radiostudiow.com.br\/site\/wp-json\/wp\/v2\/posts\/19234","targetHints":{"allow":["GET"]}}],"collection":[{"href":"https:\/\/radiostudiow.com.br\/site\/wp-json\/wp\/v2\/posts"}],"about":[{"href":"https:\/\/radiostudiow.com.br\/site\/wp-json\/wp\/v2\/types\/post"}],"author":[{"embeddable":true,"href":"https:\/\/radiostudiow.com.br\/site\/wp-json\/wp\/v2\/users\/2"}],"replies":[{"embeddable":true,"href":"https:\/\/radiostudiow.com.br\/site\/wp-json\/wp\/v2\/comments?post=19234"}],"version-history":[{"count":2,"href":"https:\/\/radiostudiow.com.br\/site\/wp-json\/wp\/v2\/posts\/19234\/revisions"}],"predecessor-version":[{"id":19238,"href":"https:\/\/radiostudiow.com.br\/site\/wp-json\/wp\/v2\/posts\/19234\/revisions\/19238"}],"wp:featuredmedia":[{"embeddable":true,"href":"https:\/\/radiostudiow.com.br\/site\/wp-json\/wp\/v2\/media\/18707"}],"wp:attachment":[{"href":"https:\/\/radiostudiow.com.br\/site\/wp-json\/wp\/v2\/media?parent=19234"}],"wp:term":[{"taxonomy":"category","embeddable":true,"href":"https:\/\/radiostudiow.com.br\/site\/wp-json\/wp\/v2\/categories?post=19234"},{"taxonomy":"post_tag","embeddable":true,"href":"https:\/\/radiostudiow.com.br\/site\/wp-json\/wp\/v2\/tags?post=19234"}],"curies":[{"name":"wp","href":"https:\/\/api.w.org\/{rel}","templated":true}]}}