{"id":19239,"date":"2024-01-26T11:51:59","date_gmt":"2024-01-26T14:51:59","guid":{"rendered":"https:\/\/radiostudiow.com.br\/site\/?p=19239"},"modified":"2025-01-31T15:02:16","modified_gmt":"2025-01-31T18:02:16","slug":"assalto-a-mao-armada-na-av-manoel-ribas-as-03h30-mobiliza-equipe-policial","status":"publish","type":"post","link":"https:\/\/radiostudiow.com.br\/site\/2024\/01\/26\/assalto-a-mao-armada-na-av-manoel-ribas-as-03h30-mobiliza-equipe-policial\/","title":{"rendered":"Assalto a m\u00e3o armada mobiliza Pol\u00edcia Militar de Uni\u00e3o da Vit\u00f3ria"},"content":{"rendered":"\n<p>A equipe da Pol\u00edcia Militar de Uni\u00e3o da Vit\u00f3ria foi acionada via COPOM para atender a uma ocorr\u00eancia de roubo a m\u00e3o armada em uma farm\u00e1cia localizada na Avenida Manoel Ribas.\u00a0Ao chegar ao local, a v\u00edtima relatou \u00e0 equipe policial que foi rendida por um homem por volta das 03:30 horas dessa sexta-feira (26).<\/p>\n\n\n\n<figure class=\"wp-block-image size-full\"><img decoding=\"async\" src=\"https:\/\/radiostudiow.com.br\/site\/wp-content\/uploads\/2024\/01\/SITE-GRANDE4.png\" alt=\"\" class=\"wp-image-18920\"\/><\/figure>\n\n\n\n<p>O suspeito, vestindo uma cal\u00e7a tactel preta, uma camisa preta, e um bon\u00e9 azul, cobria o rosto com uma faixa atadura.\u00a0Segundo a v\u00edtima, o criminoso estava armado com um objeto com formato de arma de fogo e ordenou que n\u00e3o olhasse para ele. Sob amea\u00e7a, o assaltante subtraiu uma quantia aproximada de R$ 290,00 em dinheiro do estabelecimento.<\/p>\n\n\n\n<p>Ap\u00f3s o crime, o indiv\u00edduo fugiu do local, tomando sentido em dire\u00e7\u00e3o ao munic\u00edpio de Porto Uni\u00e3o.\u00a0A equipe policial, munida das caracter\u00edsticas fornecidas pela v\u00edtima, iniciou buscas na regi\u00e3o. Entretanto, at\u00e9 o momento, n\u00e3o foi poss\u00edvel localizar ou deter o suspeito.<\/p>\n\n\n\n<figure class=\"wp-block-image size-full\"><img decoding=\"async\" src=\"https:\/\/radiostudiow.com.br\/site\/wp-content\/uploads\/2024\/01\/SITE-GRANDE5.png\" alt=\"\" class=\"wp-image-18704\"\/><\/figure>\n\n\n\n<p>As autoridades continuam investigando o caso e solicitam a colabora\u00e7\u00e3o da popula\u00e7\u00e3o para fornecer qualquer informa\u00e7\u00e3o que possa auxiliar na identifica\u00e7\u00e3o e captura do assaltante. Caso algu\u00e9m tenha presenciado algo suspeito nas proximidades da Av. Manoel Ribas por volta das 03h30 desta madrugada, \u00e9 fundamental entrar em contato com as autoridades locais.<\/p>\n\n\n\n<p>A pol\u00edcia refor\u00e7a a import\u00e2ncia da den\u00fancia an\u00f4nima, garantindo total confidencialidade \u00e0s testemunhas que desejarem colaborar com as investiga\u00e7\u00f5es.<\/p>\n","protected":false},"excerpt":{"rendered":"<p>A equipe da Pol\u00edcia Militar de Uni\u00e3o da Vit\u00f3ria foi acionada via COPOM para atender a uma ocorr\u00eancia de roubo a m\u00e3o armada em uma farm\u00e1cia localizada na Avenida Manoel Ribas.\u00a0Ao chegar ao local, a v\u00edtima relatou \u00e0 equipe policial que foi rendida por um homem por volta das 03:30 horas dessa sexta-feira (26). O [&hellip;]<\/p>\n","protected":false},"author":2,"featured_media":14208,"comment_status":"open","ping_status":"open","sticky":false,"template":"","format":"standard","meta":{"footnotes":""},"categories":[2],"tags":[172],"class_list":["post-19239","post","type-post","status-publish","format-standard","has-post-thumbnail","hentry","category-policial","tag-featured"],"amp_enabled":true,"_links":{"self":[{"href":"https:\/\/radiostudiow.com.br\/site\/wp-json\/wp\/v2\/posts\/19239","targetHints":{"allow":["GET"]}}],"collection":[{"href":"https:\/\/radiostudiow.com.br\/site\/wp-json\/wp\/v2\/posts"}],"about":[{"href":"https:\/\/radiostudiow.com.br\/site\/wp-json\/wp\/v2\/types\/post"}],"author":[{"embeddable":true,"href":"https:\/\/radiostudiow.com.br\/site\/wp-json\/wp\/v2\/users\/2"}],"replies":[{"embeddable":true,"href":"https:\/\/radiostudiow.com.br\/site\/wp-json\/wp\/v2\/comments?post=19239"}],"version-history":[{"count":4,"href":"https:\/\/radiostudiow.com.br\/site\/wp-json\/wp\/v2\/posts\/19239\/revisions"}],"predecessor-version":[{"id":19243,"href":"https:\/\/radiostudiow.com.br\/site\/wp-json\/wp\/v2\/posts\/19239\/revisions\/19243"}],"wp:featuredmedia":[{"embeddable":true,"href":"https:\/\/radiostudiow.com.br\/site\/wp-json\/wp\/v2\/media\/14208"}],"wp:attachment":[{"href":"https:\/\/radiostudiow.com.br\/site\/wp-json\/wp\/v2\/media?parent=19239"}],"wp:term":[{"taxonomy":"category","embeddable":true,"href":"https:\/\/radiostudiow.com.br\/site\/wp-json\/wp\/v2\/categories?post=19239"},{"taxonomy":"post_tag","embeddable":true,"href":"https:\/\/radiostudiow.com.br\/site\/wp-json\/wp\/v2\/tags?post=19239"}],"curies":[{"name":"wp","href":"https:\/\/api.w.org\/{rel}","templated":true}]}}