{"id":19244,"date":"2024-01-26T11:56:45","date_gmt":"2024-01-26T14:56:45","guid":{"rendered":"https:\/\/radiostudiow.com.br\/site\/?p=19244"},"modified":"2025-01-31T15:02:16","modified_gmt":"2025-01-31T18:02:16","slug":"mulher-e-vitima-de-envenenamento-em-general-carneiro","status":"publish","type":"post","link":"https:\/\/radiostudiow.com.br\/site\/2024\/01\/26\/mulher-e-vitima-de-envenenamento-em-general-carneiro\/","title":{"rendered":"Mulher \u00e9 v\u00edtima de envenenamento em General Carneiro"},"content":{"rendered":"\n<p>A equipe da Pol\u00edcia Militar de General Carneiro foi acionada para se deslocar at\u00e9 o Hospital da cidade, depois que uma mulher deu entrada no local v\u00edtima de envenenamento na tarde desta quinta-feira (25).<\/p>\n\n\n\n<figure class=\"wp-block-image size-large\"><img decoding=\"async\" src=\"https:\/\/radiostudiow.com.br\/site\/wp-content\/uploads\/2024\/01\/image-5-1024x379.png\" alt=\"\" class=\"wp-image-18395\"\/><\/figure>\n\n\n\n<p>No local, os policiais entraram em contato com os profissionais da sa\u00fade, os quais estavam conduzindo procedimentos necess\u00e1rios em uma senhora que havia sido envenenada.<\/p>\n\n\n\n<p>Devido \u00e0 gravidade de seu quadro cl\u00ednico, estava sendo submetida ao processo de entubamento para posterior transfer\u00eancia \u00e0 unidade intensiva de tratamento. O m\u00e9dico respons\u00e1vel pelo primeiro atendimento relatou que a v\u00edtima ingeriu veneno, utilizado para controle de pragas.<\/p>\n\n\n\n<p>O estado inicial da paciente \u00e9 considerado grave, conforme informado pelo profissional de sa\u00fade.\u00a0Diante da urg\u00eancia e necessidade de cuidados intensivos, a mulher foi transferida para a cidade de Uni\u00e3o da Vit\u00f3ria, onde receber\u00e1 tratamento especializado.<\/p>\n\n\n\n<figure class=\"wp-block-image size-full\"><img decoding=\"async\" src=\"https:\/\/radiostudiow.com.br\/site\/wp-content\/uploads\/2024\/01\/SITE-GRANDE5.png\" alt=\"\" class=\"wp-image-18704\"\/><\/figure>\n\n\n\n<p>Segundo a PM, as informa\u00e7\u00f5es repassadas para a equipe indicam tentativa de suic\u00eddio, mas a situa\u00e7\u00e3o ser\u00e1 investigada pelos \u00f3rg\u00e3os competentes.<\/p>\n","protected":false},"excerpt":{"rendered":"<p>A equipe da Pol\u00edcia Militar de General Carneiro foi acionada para se deslocar at\u00e9 o Hospital da cidade, depois que uma mulher deu entrada no local v\u00edtima de envenenamento na tarde desta quinta-feira (25). No local, os policiais entraram em contato com os profissionais da sa\u00fade, os quais estavam conduzindo procedimentos necess\u00e1rios em uma senhora [&hellip;]<\/p>\n","protected":false},"author":2,"featured_media":18052,"comment_status":"open","ping_status":"open","sticky":false,"template":"","format":"standard","meta":{"footnotes":""},"categories":[2],"tags":[172],"class_list":["post-19244","post","type-post","status-publish","format-standard","has-post-thumbnail","hentry","category-policial","tag-featured"],"amp_enabled":true,"_links":{"self":[{"href":"https:\/\/radiostudiow.com.br\/site\/wp-json\/wp\/v2\/posts\/19244","targetHints":{"allow":["GET"]}}],"collection":[{"href":"https:\/\/radiostudiow.com.br\/site\/wp-json\/wp\/v2\/posts"}],"about":[{"href":"https:\/\/radiostudiow.com.br\/site\/wp-json\/wp\/v2\/types\/post"}],"author":[{"embeddable":true,"href":"https:\/\/radiostudiow.com.br\/site\/wp-json\/wp\/v2\/users\/2"}],"replies":[{"embeddable":true,"href":"https:\/\/radiostudiow.com.br\/site\/wp-json\/wp\/v2\/comments?post=19244"}],"version-history":[{"count":1,"href":"https:\/\/radiostudiow.com.br\/site\/wp-json\/wp\/v2\/posts\/19244\/revisions"}],"predecessor-version":[{"id":19245,"href":"https:\/\/radiostudiow.com.br\/site\/wp-json\/wp\/v2\/posts\/19244\/revisions\/19245"}],"wp:featuredmedia":[{"embeddable":true,"href":"https:\/\/radiostudiow.com.br\/site\/wp-json\/wp\/v2\/media\/18052"}],"wp:attachment":[{"href":"https:\/\/radiostudiow.com.br\/site\/wp-json\/wp\/v2\/media?parent=19244"}],"wp:term":[{"taxonomy":"category","embeddable":true,"href":"https:\/\/radiostudiow.com.br\/site\/wp-json\/wp\/v2\/categories?post=19244"},{"taxonomy":"post_tag","embeddable":true,"href":"https:\/\/radiostudiow.com.br\/site\/wp-json\/wp\/v2\/tags?post=19244"}],"curies":[{"name":"wp","href":"https:\/\/api.w.org\/{rel}","templated":true}]}}