{"id":19246,"date":"2024-01-26T12:04:57","date_gmt":"2024-01-26T15:04:57","guid":{"rendered":"https:\/\/radiostudiow.com.br\/site\/?p=19246"},"modified":"2025-01-31T15:02:16","modified_gmt":"2025-01-31T18:02:16","slug":"operacao-conjunta-entre-equipes-policiais-de-uniao-da-vitoria-e-porto-uniao-desmantela-rede-criminosa","status":"publish","type":"post","link":"https:\/\/radiostudiow.com.br\/site\/2024\/01\/26\/operacao-conjunta-entre-equipes-policiais-de-uniao-da-vitoria-e-porto-uniao-desmantela-rede-criminosa\/","title":{"rendered":"Opera\u00e7\u00e3o conjunta entre equipes policiais de Uni\u00e3o da Vit\u00f3ria e Porto Uni\u00e3o desmantela rede criminosa"},"content":{"rendered":"\n<p>Opera\u00e7\u00e3o conjunta entre a Pol\u00edcia Militar e a Pol\u00edcia Civil foi realizada no Bairro Jardim Oliveira, em Porto Uni\u00e3o, culminando no cumprimento de nove mandados de busca e apreens\u00e3o na manh\u00e3 desta quinta-feira (25).<\/p>\n\n\n\n<figure class=\"wp-block-image size-full\"><img decoding=\"async\" src=\"https:\/\/radiostudiow.com.br\/site\/wp-content\/uploads\/2024\/01\/SITE-GRANDE5.png\" alt=\"\" class=\"wp-image-18704\"\/><\/figure>\n\n\n\n<p>A a\u00e7\u00e3o foi desencadeada ap\u00f3s autoriza\u00e7\u00e3o do Poder Judici\u00e1rio local, respaldada por informa\u00e7\u00f5es de intelig\u00eancia e investiga\u00e7\u00f5es criminais conduzidas pelas\u00a0pol\u00edcias de Porto Uni\u00e3o\/SC e Uni\u00e3o da Vit\u00f3ria\/PR.<\/p>\n\n\n\n<p>Durante a opera\u00e7\u00e3o, foram apreendidos diversos objetos il\u00edcitos, consolidando o compromisso das for\u00e7as de seguran\u00e7a em coibir atividades criminosas na regi\u00e3o.&nbsp;Entre os itens confiscados, destacam-se armas de fogo, muni\u00e7\u00f5es, subst\u00e2ncias an\u00e1logas a maconha e coca\u00edna, al\u00e9m de anota\u00e7\u00f5es relacionadas ao tr\u00e1fico, balan\u00e7as de precis\u00e3o e v\u00e1rios aparelhos celulares.<\/p>\n\n\n\n<p>A colabora\u00e7\u00e3o estrat\u00e9gica entre as for\u00e7as policiais demonstra ser fundamental para fortalecer a ordem p\u00fablica. A uni\u00e3o de recursos e experi\u00eancias dos setores de Pol\u00edcia Militar e Civil possibilita uma abordagem abrangente e eficaz, maximizando a capacidade de resposta \u00e0s ocorr\u00eancias.<\/p>\n\n\n\n<figure class=\"wp-block-image size-full\"><img loading=\"lazy\" decoding=\"async\" width=\"897\" height=\"204\" src=\"https:\/\/radiostudiow.com.br\/site\/wp-content\/uploads\/2024\/01\/SITE-GRANDE3.png\" alt=\"zaions\" class=\"wp-image-18936\" srcset=\"https:\/\/radiostudiow.com.br\/site\/wp-content\/uploads\/2024\/01\/SITE-GRANDE3.png 897w, https:\/\/radiostudiow.com.br\/site\/wp-content\/uploads\/2024\/01\/SITE-GRANDE3-300x68.png 300w, https:\/\/radiostudiow.com.br\/site\/wp-content\/uploads\/2024\/01\/SITE-GRANDE3-768x175.png 768w\" sizes=\"auto, (max-width: 897px) 100vw, 897px\" \/><\/figure>\n\n\n\n<figure class=\"wp-block-image\"><img decoding=\"async\" src=\"https:\/\/static5.vvale.com.br\/wp-content\/uploads\/2024\/01\/2-foto.jpg\" alt=\"\" class=\"wp-image-538728\"\/><\/figure>\n\n\n\n<figure class=\"wp-block-image\"><img decoding=\"async\" src=\"https:\/\/static5.vvale.com.br\/wp-content\/uploads\/2024\/01\/3-foto.jpg\" alt=\"\" class=\"wp-image-538727\"\/><\/figure>\n\n\n\n<figure class=\"wp-block-image\"><img decoding=\"async\" src=\"https:\/\/static5.vvale.com.br\/wp-content\/uploads\/2024\/01\/4-foto-720x424.jpg\" alt=\"\" class=\"wp-image-538726\"\/><\/figure>\n\n\n\n<p><em>Fonte\/Fotos: Portal V.Vale<\/em><\/p>\n","protected":false},"excerpt":{"rendered":"<p>Opera\u00e7\u00e3o conjunta entre a Pol\u00edcia Militar e a Pol\u00edcia Civil foi realizada no Bairro Jardim Oliveira, em Porto Uni\u00e3o, culminando no cumprimento de nove mandados de busca e apreens\u00e3o na manh\u00e3 desta quinta-feira (25). A a\u00e7\u00e3o foi desencadeada ap\u00f3s autoriza\u00e7\u00e3o do Poder Judici\u00e1rio local, respaldada por informa\u00e7\u00f5es de intelig\u00eancia e investiga\u00e7\u00f5es criminais conduzidas pelas\u00a0pol\u00edcias de [&hellip;]<\/p>\n","protected":false},"author":2,"featured_media":19247,"comment_status":"open","ping_status":"open","sticky":false,"template":"","format":"standard","meta":{"footnotes":""},"categories":[2],"tags":[172],"class_list":["post-19246","post","type-post","status-publish","format-standard","has-post-thumbnail","hentry","category-policial","tag-featured"],"amp_enabled":true,"_links":{"self":[{"href":"https:\/\/radiostudiow.com.br\/site\/wp-json\/wp\/v2\/posts\/19246","targetHints":{"allow":["GET"]}}],"collection":[{"href":"https:\/\/radiostudiow.com.br\/site\/wp-json\/wp\/v2\/posts"}],"about":[{"href":"https:\/\/radiostudiow.com.br\/site\/wp-json\/wp\/v2\/types\/post"}],"author":[{"embeddable":true,"href":"https:\/\/radiostudiow.com.br\/site\/wp-json\/wp\/v2\/users\/2"}],"replies":[{"embeddable":true,"href":"https:\/\/radiostudiow.com.br\/site\/wp-json\/wp\/v2\/comments?post=19246"}],"version-history":[{"count":4,"href":"https:\/\/radiostudiow.com.br\/site\/wp-json\/wp\/v2\/posts\/19246\/revisions"}],"predecessor-version":[{"id":19251,"href":"https:\/\/radiostudiow.com.br\/site\/wp-json\/wp\/v2\/posts\/19246\/revisions\/19251"}],"wp:featuredmedia":[{"embeddable":true,"href":"https:\/\/radiostudiow.com.br\/site\/wp-json\/wp\/v2\/media\/19247"}],"wp:attachment":[{"href":"https:\/\/radiostudiow.com.br\/site\/wp-json\/wp\/v2\/media?parent=19246"}],"wp:term":[{"taxonomy":"category","embeddable":true,"href":"https:\/\/radiostudiow.com.br\/site\/wp-json\/wp\/v2\/categories?post=19246"},{"taxonomy":"post_tag","embeddable":true,"href":"https:\/\/radiostudiow.com.br\/site\/wp-json\/wp\/v2\/tags?post=19246"}],"curies":[{"name":"wp","href":"https:\/\/api.w.org\/{rel}","templated":true}]}}