{"id":19255,"date":"2024-01-26T17:31:28","date_gmt":"2024-01-26T20:31:28","guid":{"rendered":"https:\/\/radiostudiow.com.br\/site\/?p=19255"},"modified":"2025-01-31T15:02:16","modified_gmt":"2025-01-31T18:02:16","slug":"corpo-encontrado-no-rio-iguacu-em-porto-vitoria-e-de-gilson-alves-ribeiro-junior","status":"publish","type":"post","link":"https:\/\/radiostudiow.com.br\/site\/2024\/01\/26\/corpo-encontrado-no-rio-iguacu-em-porto-vitoria-e-de-gilson-alves-ribeiro-junior\/","title":{"rendered":"Corpo encontrado no Rio Igua\u00e7u em Porto Vit\u00f3ria \u00e9 de Gilson Alves Ribeiro Junior"},"content":{"rendered":"\n<p>A angustia da fam\u00edlia de\u00a0Gilson Alves Ribeiro Junior, 23 anos, terminou nesta quinta-feira, 25 de janeiro, ap\u00f3s a localiza\u00e7\u00e3o do corpo no Rio Igua\u00e7u no local conhecido como prainha em Porto Vit\u00f3ria, cerca de 300 metros do \u00faltimo local que ele foi visto com vida.<\/p>\n\n\n\n<figure class=\"wp-block-image size-full\"><img decoding=\"async\" src=\"https:\/\/radiostudiow.com.br\/site\/wp-content\/uploads\/2024\/01\/SITE-GRANDE5.png\" alt=\"\" class=\"wp-image-18704\"\/><\/figure>\n\n\n\n<p>Gilson que era morador de Ca\u00e7ador estava desaparecido desde s\u00e1bado, 13 de janeiro, quando caiu no rio ao tentar desenroscar uma linha de pesca.<\/p>\n\n\n\n<p>No dia do afogamento, Gilson e um amigo sa\u00edram de Ca\u00e7ador por volta das 03:00 horas para pescar em Porto Vit\u00f3ria, por volta das 06:30 horas, ao jogar a terceira isca do dia, o fio enroscou e ele foi soltar, entretanto quando pisou escorregou em uma pedra e caiu, o amigo contou que ele foi descendo correnteza abaixo boiando, depois disso ele n\u00e3o foi mais visto.\u00a0<\/p>\n\n\n\n<p>Segundo o portal de Not\u00edcias M, o corpo foi transladado para Ca\u00e7ador e a cerim\u00f4nia de despedida teve in\u00edcio as 15h, desta sexta-feira, 26, e o sepultamento ocorreu as 16h30 no Cemit\u00e9rio Jardim da Paz.<\/p>\n\n\n\n<p>Nas redes sociais centenas de mensagens de saudade e desejando muita for\u00e7a a fam\u00edlia que aguardou 12 dias at\u00e9 que o corpo fosse localizado. <em>&#8220;Nas palavras o amor de Gilson pela pescaria, segundo amigos, isso era um de seus maiores hobbies.&#8221;<\/em><\/p>\n\n\n\n<figure class=\"wp-block-image size-full\"><img decoding=\"async\" src=\"https:\/\/radiostudiow.com.br\/site\/wp-content\/uploads\/2023\/08\/image-127.png\" alt=\"\" class=\"wp-image-14660\"\/><\/figure>\n\n\n\n<p>O Corpo de Bombeiros de Uni\u00e3o da Vit\u00f3ria divulgou uma nota sobre os trabalhos de busca que tiveram in\u00edcio ainda naquele domingo (13).<\/p>\n\n\n\n<p><em>\u201cO Corpo de Bombeiros Militar do Paran\u00e1 concluiu ontem a opera\u00e7\u00e3o de busca de um jovem de 23 anos no rio Igua\u00e7u, na cidade de Porto Vit\u00f3ria.<\/em><\/p>\n\n\n\n<p><em>As equipes de bombeiros de Uni\u00e3o da Vit\u00f3ria, Irati, S\u00e3o Mateus do Sul e Curitiba (GOST) mantiveram as buscas durante 13 dias consecutivos, percorrendo at\u00e9 40km no rio.<\/em><\/p>\n\n\n\n<p><em>Nossa corpora\u00e7\u00e3o se solidariza pela dor dos familiares e presta homenagem atrav\u00e9s de todo nosso esfor\u00e7o no trabalho realizado.<\/em><\/p>\n\n\n\n<p><em>Salientamos e relembramos ainda da necessidade de cautela e cuidado com os rios de todo o Paran\u00e1, al\u00e9m da import\u00e2ncia do uso de equipamentos de seguran\u00e7a, como coletes salva vidas\u201d<\/em><\/p>\n","protected":false},"excerpt":{"rendered":"<p>A angustia da fam\u00edlia de\u00a0Gilson Alves Ribeiro Junior, 23 anos, terminou nesta quinta-feira, 25 de janeiro, ap\u00f3s a localiza\u00e7\u00e3o do corpo no Rio Igua\u00e7u no local conhecido como prainha em Porto Vit\u00f3ria, cerca de 300 metros do \u00faltimo local que ele foi visto com vida. Gilson que era morador de Ca\u00e7ador estava desaparecido desde s\u00e1bado, [&hellip;]<\/p>\n","protected":false},"author":2,"featured_media":18783,"comment_status":"open","ping_status":"open","sticky":false,"template":"","format":"standard","meta":{"footnotes":""},"categories":[185],"tags":[172],"class_list":["post-19255","post","type-post","status-publish","format-standard","has-post-thumbnail","hentry","category-regional","tag-featured"],"amp_enabled":true,"_links":{"self":[{"href":"https:\/\/radiostudiow.com.br\/site\/wp-json\/wp\/v2\/posts\/19255","targetHints":{"allow":["GET"]}}],"collection":[{"href":"https:\/\/radiostudiow.com.br\/site\/wp-json\/wp\/v2\/posts"}],"about":[{"href":"https:\/\/radiostudiow.com.br\/site\/wp-json\/wp\/v2\/types\/post"}],"author":[{"embeddable":true,"href":"https:\/\/radiostudiow.com.br\/site\/wp-json\/wp\/v2\/users\/2"}],"replies":[{"embeddable":true,"href":"https:\/\/radiostudiow.com.br\/site\/wp-json\/wp\/v2\/comments?post=19255"}],"version-history":[{"count":2,"href":"https:\/\/radiostudiow.com.br\/site\/wp-json\/wp\/v2\/posts\/19255\/revisions"}],"predecessor-version":[{"id":19257,"href":"https:\/\/radiostudiow.com.br\/site\/wp-json\/wp\/v2\/posts\/19255\/revisions\/19257"}],"wp:featuredmedia":[{"embeddable":true,"href":"https:\/\/radiostudiow.com.br\/site\/wp-json\/wp\/v2\/media\/18783"}],"wp:attachment":[{"href":"https:\/\/radiostudiow.com.br\/site\/wp-json\/wp\/v2\/media?parent=19255"}],"wp:term":[{"taxonomy":"category","embeddable":true,"href":"https:\/\/radiostudiow.com.br\/site\/wp-json\/wp\/v2\/categories?post=19255"},{"taxonomy":"post_tag","embeddable":true,"href":"https:\/\/radiostudiow.com.br\/site\/wp-json\/wp\/v2\/tags?post=19255"}],"curies":[{"name":"wp","href":"https:\/\/api.w.org\/{rel}","templated":true}]}}