{"id":19258,"date":"2024-01-26T18:39:52","date_gmt":"2024-01-26T21:39:52","guid":{"rendered":"https:\/\/radiostudiow.com.br\/site\/?p=19258"},"modified":"2025-01-31T15:02:16","modified_gmt":"2025-01-31T18:02:16","slug":"homem-e-encontrado-sem-vida-em-sua-casa-no-interior-de-cruz-machado","status":"publish","type":"post","link":"https:\/\/radiostudiow.com.br\/site\/2024\/01\/26\/homem-e-encontrado-sem-vida-em-sua-casa-no-interior-de-cruz-machado\/","title":{"rendered":"Homem \u00e9 encontrado morto dentro de casa no interior de Cruz Machado"},"content":{"rendered":"\n<p>A equipe da Pol\u00edcia Militar de Cruz Machado foi acionada por volta das 14:46 horas dessa quinta-feira, 25 de janeiro, para atender uma situa\u00e7\u00e3o de atendimento de local de morte na \u00e1rea rural do cidade.<\/p>\n\n\n\n<figure class=\"wp-block-image size-full\"><img decoding=\"async\" src=\"https:\/\/radiostudiow.com.br\/site\/wp-content\/uploads\/2024\/01\/SITE-GRANDE5.png\" alt=\"\" class=\"wp-image-18704\"\/><\/figure>\n\n\n\n<p>Os policiais se deslocaram at\u00e9 a localidade de S\u00e3o Domingues, onde conversou com o solicitante, qual \u00e9 propriet\u00e1rio de uma fazenda no local. Ele passou a relatar que sentiu a falta de uma conhecido, ent\u00e3o foi at\u00e9 o acampamento dele, momento que visualizou o homem em cima da sua cama sem respirar.<\/p>\n\n\n\n<p>Os policiais foram at\u00e9 o local e se deparou com a v\u00edtima j\u00e1 sem vida, e foi feito o contato com o Hospital Municipal de Santa Terezinha para os procedimentos cab\u00edveis e compareceu no local o m\u00e9dico para constatar o \u00f3bito.<\/p>\n\n\n\n<figure class=\"wp-block-image size-full\"><img loading=\"lazy\" decoding=\"async\" width=\"598\" height=\"204\" src=\"https:\/\/radiostudiow.com.br\/site\/wp-content\/uploads\/2024\/01\/SITE-MEDIO.png\" alt=\"\" class=\"wp-image-18916\" srcset=\"https:\/\/radiostudiow.com.br\/site\/wp-content\/uploads\/2024\/01\/SITE-MEDIO.png 598w, https:\/\/radiostudiow.com.br\/site\/wp-content\/uploads\/2024\/01\/SITE-MEDIO-300x102.png 300w\" sizes=\"auto, (max-width: 598px) 100vw, 598px\" \/><\/figure>\n","protected":false},"excerpt":{"rendered":"<p>A equipe da Pol\u00edcia Militar de Cruz Machado foi acionada por volta das 14:46 horas dessa quinta-feira, 25 de janeiro, para atender uma situa\u00e7\u00e3o de atendimento de local de morte na \u00e1rea rural do cidade. Os policiais se deslocaram at\u00e9 a localidade de S\u00e3o Domingues, onde conversou com o solicitante, qual \u00e9 propriet\u00e1rio de uma [&hellip;]<\/p>\n","protected":false},"author":2,"featured_media":18776,"comment_status":"open","ping_status":"open","sticky":false,"template":"","format":"standard","meta":{"footnotes":""},"categories":[185],"tags":[172],"class_list":["post-19258","post","type-post","status-publish","format-standard","has-post-thumbnail","hentry","category-regional","tag-featured"],"amp_enabled":true,"_links":{"self":[{"href":"https:\/\/radiostudiow.com.br\/site\/wp-json\/wp\/v2\/posts\/19258","targetHints":{"allow":["GET"]}}],"collection":[{"href":"https:\/\/radiostudiow.com.br\/site\/wp-json\/wp\/v2\/posts"}],"about":[{"href":"https:\/\/radiostudiow.com.br\/site\/wp-json\/wp\/v2\/types\/post"}],"author":[{"embeddable":true,"href":"https:\/\/radiostudiow.com.br\/site\/wp-json\/wp\/v2\/users\/2"}],"replies":[{"embeddable":true,"href":"https:\/\/radiostudiow.com.br\/site\/wp-json\/wp\/v2\/comments?post=19258"}],"version-history":[{"count":2,"href":"https:\/\/radiostudiow.com.br\/site\/wp-json\/wp\/v2\/posts\/19258\/revisions"}],"predecessor-version":[{"id":19261,"href":"https:\/\/radiostudiow.com.br\/site\/wp-json\/wp\/v2\/posts\/19258\/revisions\/19261"}],"wp:featuredmedia":[{"embeddable":true,"href":"https:\/\/radiostudiow.com.br\/site\/wp-json\/wp\/v2\/media\/18776"}],"wp:attachment":[{"href":"https:\/\/radiostudiow.com.br\/site\/wp-json\/wp\/v2\/media?parent=19258"}],"wp:term":[{"taxonomy":"category","embeddable":true,"href":"https:\/\/radiostudiow.com.br\/site\/wp-json\/wp\/v2\/categories?post=19258"},{"taxonomy":"post_tag","embeddable":true,"href":"https:\/\/radiostudiow.com.br\/site\/wp-json\/wp\/v2\/tags?post=19258"}],"curies":[{"name":"wp","href":"https:\/\/api.w.org\/{rel}","templated":true}]}}