{"id":19262,"date":"2024-01-26T19:43:48","date_gmt":"2024-01-26T22:43:48","guid":{"rendered":"https:\/\/radiostudiow.com.br\/site\/?p=19262"},"modified":"2025-01-31T15:02:16","modified_gmt":"2025-01-31T18:02:16","slug":"policia-militar-de-uniao-da-vitoria-realizou-duas-prisoes-por-trafico-de-drogas","status":"publish","type":"post","link":"https:\/\/radiostudiow.com.br\/site\/2024\/01\/26\/policia-militar-de-uniao-da-vitoria-realizou-duas-prisoes-por-trafico-de-drogas\/","title":{"rendered":"Pol\u00edcia Militar de Uni\u00e3o da Vit\u00f3ria realizou duas pris\u00f5es por tr\u00e1fico de drogas"},"content":{"rendered":"\n<p>A equipe da Pol\u00edcia Militar de Uni\u00e3o da Vit\u00f3ria realizou duas pris\u00f5es nessa quinta-feira (25) e sexta-feira (26) por tr\u00e1fico de drogas.<\/p>\n\n\n\n<figure class=\"wp-block-image size-full\"><img decoding=\"async\" src=\"https:\/\/radiostudiow.com.br\/site\/wp-content\/uploads\/2024\/01\/SITE-GRANDE2.png\" alt=\"\" class=\"wp-image-18938\"\/><\/figure>\n\n\n\n<p>A primeira situa\u00e7\u00e3o ocorreu por volta das 21:53 horas dessa quinta-feira (25), os policiais estavam realizando patrulhamento pela rua Marechal Deodoro, no bairro Rio D&#8217;areia quando visualizou um indiv\u00edduo em atitude suspeita.<\/p>\n\n\n\n<p>Foi realizada a abordagem e identificado o homem, em revista pessoal ao ser verificado foi constatado se tratar de subst\u00e2ncia an\u00e1loga a crack que ap\u00f3s pesagem aferiu 0,3 gramas.<\/p>\n\n\n\n<p>Dado a voz de pris\u00e3o ao indiv\u00edduo encaminhado para o 27\u00b0 Batalh\u00e3o da Pol\u00edcia Militar para confec\u00e7\u00e3o do TC.<\/p>\n\n\n\n<figure class=\"wp-block-image size-full\"><img decoding=\"async\" src=\"https:\/\/radiostudiow.com.br\/site\/wp-content\/uploads\/2024\/01\/SITE-GRANDE5.png\" alt=\"\" class=\"wp-image-18704\"\/><\/figure>\n\n\n\n<p>Mais tarde, por volta das 00:24 horas da madrugada de sexta-feira, 25 de janeiro, os policiais realizavam patrulhamento pela rua Marechal Floriano Peixoto no bairro Navegantes quando avistou um homem.<\/p>\n\n\n\n<p>Ap\u00f3s abordagem e identifica\u00e7\u00e3o, em revista pessoal foi encontrado subst\u00e2ncia an\u00e1loga a maconha. Posteriormente foi lido os direitos constitucionais e encaminhado para o cart\u00f3rio TCIP do 27\u00b0 BPM para lavratura de terno circunstanciado.<\/p>\n\n\n\n<p>A droga quando aferida a pesagem constou peso de 0,3g.<\/p>\n","protected":false},"excerpt":{"rendered":"<p>A equipe da Pol\u00edcia Militar de Uni\u00e3o da Vit\u00f3ria realizou duas pris\u00f5es nessa quinta-feira (25) e sexta-feira (26) por tr\u00e1fico de drogas. A primeira situa\u00e7\u00e3o ocorreu por volta das 21:53 horas dessa quinta-feira (25), os policiais estavam realizando patrulhamento pela rua Marechal Deodoro, no bairro Rio D&#8217;areia quando visualizou um indiv\u00edduo em atitude suspeita. Foi [&hellip;]<\/p>\n","protected":false},"author":2,"featured_media":14232,"comment_status":"open","ping_status":"open","sticky":false,"template":"","format":"standard","meta":{"footnotes":""},"categories":[2],"tags":[172],"class_list":["post-19262","post","type-post","status-publish","format-standard","has-post-thumbnail","hentry","category-policial","tag-featured"],"amp_enabled":true,"_links":{"self":[{"href":"https:\/\/radiostudiow.com.br\/site\/wp-json\/wp\/v2\/posts\/19262","targetHints":{"allow":["GET"]}}],"collection":[{"href":"https:\/\/radiostudiow.com.br\/site\/wp-json\/wp\/v2\/posts"}],"about":[{"href":"https:\/\/radiostudiow.com.br\/site\/wp-json\/wp\/v2\/types\/post"}],"author":[{"embeddable":true,"href":"https:\/\/radiostudiow.com.br\/site\/wp-json\/wp\/v2\/users\/2"}],"replies":[{"embeddable":true,"href":"https:\/\/radiostudiow.com.br\/site\/wp-json\/wp\/v2\/comments?post=19262"}],"version-history":[{"count":1,"href":"https:\/\/radiostudiow.com.br\/site\/wp-json\/wp\/v2\/posts\/19262\/revisions"}],"predecessor-version":[{"id":19263,"href":"https:\/\/radiostudiow.com.br\/site\/wp-json\/wp\/v2\/posts\/19262\/revisions\/19263"}],"wp:featuredmedia":[{"embeddable":true,"href":"https:\/\/radiostudiow.com.br\/site\/wp-json\/wp\/v2\/media\/14232"}],"wp:attachment":[{"href":"https:\/\/radiostudiow.com.br\/site\/wp-json\/wp\/v2\/media?parent=19262"}],"wp:term":[{"taxonomy":"category","embeddable":true,"href":"https:\/\/radiostudiow.com.br\/site\/wp-json\/wp\/v2\/categories?post=19262"},{"taxonomy":"post_tag","embeddable":true,"href":"https:\/\/radiostudiow.com.br\/site\/wp-json\/wp\/v2\/tags?post=19262"}],"curies":[{"name":"wp","href":"https:\/\/api.w.org\/{rel}","templated":true}]}}