{"id":19265,"date":"2024-01-26T20:32:01","date_gmt":"2024-01-26T23:32:01","guid":{"rendered":"https:\/\/radiostudiow.com.br\/site\/?p=19265"},"modified":"2025-01-31T15:02:16","modified_gmt":"2025-01-31T18:02:16","slug":"colisao-traseira-na-br-476-em-paulo-frontin","status":"publish","type":"post","link":"https:\/\/radiostudiow.com.br\/site\/2024\/01\/26\/colisao-traseira-na-br-476-em-paulo-frontin\/","title":{"rendered":"COLIS\u00c3O TRASEIRA NA BR-476 EM PAULO FRONTIN"},"content":{"rendered":"\n<p>Na tarde desta sexta-feira, 26 de janeiro, um acidente tipo colis\u00e3o traseira foi registrado na BR 476 pr\u00f3ximo a Paulo Frontin.<\/p>\n\n\n\n<figure class=\"wp-block-image size-full\"><img decoding=\"async\" src=\"https:\/\/radiostudiow.com.br\/site\/wp-content\/uploads\/2024\/01\/SITE-GRANDE5.png\" alt=\"\" class=\"wp-image-18704\"\/><\/figure>\n\n\n\n<p>Segundo informa\u00e7\u00f5es a equipe Bravo 61 do SAMU de S\u00e3o Mateus do Sul passava pelo local e parou dar atendimento ao motorista de um dos caminh\u00f5es.<\/p>\n\n\n\n<p>Ap\u00f3s o atendimento os socorristas passaram a ocorr\u00eancia para uma equipe de Uni\u00e3o da Vit\u00f3ria que transportou o mesmo at\u00e9 o Hospital Regional com ferimentos.<\/p>\n\n\n\n<figure class=\"wp-block-image size-full\"><img decoding=\"async\" src=\"https:\/\/radiostudiow.com.br\/site\/wp-content\/uploads\/2024\/01\/SITE-PEQUENO-1.png\" alt=\"\" class=\"wp-image-19268\"\/><\/figure>\n\n\n\n<p>O acidente foi bem em um local onde existem muitos buracos na pista, dando a entender que a colis\u00e3o aconteceu devido a m\u00e1 condi\u00e7\u00e3o da rodovia.<\/p>\n\n\n\n<p>No trecho entre S\u00e3o Mateus do Sul e Uni\u00e3o da Vit\u00f3ria as condi\u00e7\u00f5es da rodovia est\u00e3o p\u00e9ssimas. Muitos ve\u00edculos est\u00e3o tendo que parar a beira da rodovia por ca\u00edrem em buracos vindo a partir pneus e alguns at\u00e9 quebrando rodas.<\/p>\n\n\n\n<p>Muito cuidado.<\/p>\n\n\n\n<figure class=\"wp-block-image size-full\"><img loading=\"lazy\" decoding=\"async\" width=\"897\" height=\"204\" src=\"https:\/\/radiostudiow.com.br\/site\/wp-content\/uploads\/2024\/01\/SITE-GRANDE3.png\" alt=\"zaions\" class=\"wp-image-18936\" srcset=\"https:\/\/radiostudiow.com.br\/site\/wp-content\/uploads\/2024\/01\/SITE-GRANDE3.png 897w, https:\/\/radiostudiow.com.br\/site\/wp-content\/uploads\/2024\/01\/SITE-GRANDE3-300x68.png 300w, https:\/\/radiostudiow.com.br\/site\/wp-content\/uploads\/2024\/01\/SITE-GRANDE3-768x175.png 768w\" sizes=\"auto, (max-width: 897px) 100vw, 897px\" \/><\/figure>\n\n\n\n<p>Fonte\/Foto: Clic Sul News<\/p>\n","protected":false},"excerpt":{"rendered":"<p>Na tarde desta sexta-feira, 26 de janeiro, um acidente tipo colis\u00e3o traseira foi registrado na BR 476 pr\u00f3ximo a Paulo Frontin. Segundo informa\u00e7\u00f5es a equipe Bravo 61 do SAMU de S\u00e3o Mateus do Sul passava pelo local e parou dar atendimento ao motorista de um dos caminh\u00f5es. Ap\u00f3s o atendimento os socorristas passaram a ocorr\u00eancia [&hellip;]<\/p>\n","protected":false},"author":2,"featured_media":19266,"comment_status":"open","ping_status":"open","sticky":false,"template":"","format":"standard","meta":{"footnotes":""},"categories":[185],"tags":[172],"class_list":["post-19265","post","type-post","status-publish","format-standard","has-post-thumbnail","hentry","category-regional","tag-featured"],"amp_enabled":true,"_links":{"self":[{"href":"https:\/\/radiostudiow.com.br\/site\/wp-json\/wp\/v2\/posts\/19265","targetHints":{"allow":["GET"]}}],"collection":[{"href":"https:\/\/radiostudiow.com.br\/site\/wp-json\/wp\/v2\/posts"}],"about":[{"href":"https:\/\/radiostudiow.com.br\/site\/wp-json\/wp\/v2\/types\/post"}],"author":[{"embeddable":true,"href":"https:\/\/radiostudiow.com.br\/site\/wp-json\/wp\/v2\/users\/2"}],"replies":[{"embeddable":true,"href":"https:\/\/radiostudiow.com.br\/site\/wp-json\/wp\/v2\/comments?post=19265"}],"version-history":[{"count":2,"href":"https:\/\/radiostudiow.com.br\/site\/wp-json\/wp\/v2\/posts\/19265\/revisions"}],"predecessor-version":[{"id":19269,"href":"https:\/\/radiostudiow.com.br\/site\/wp-json\/wp\/v2\/posts\/19265\/revisions\/19269"}],"wp:featuredmedia":[{"embeddable":true,"href":"https:\/\/radiostudiow.com.br\/site\/wp-json\/wp\/v2\/media\/19266"}],"wp:attachment":[{"href":"https:\/\/radiostudiow.com.br\/site\/wp-json\/wp\/v2\/media?parent=19265"}],"wp:term":[{"taxonomy":"category","embeddable":true,"href":"https:\/\/radiostudiow.com.br\/site\/wp-json\/wp\/v2\/categories?post=19265"},{"taxonomy":"post_tag","embeddable":true,"href":"https:\/\/radiostudiow.com.br\/site\/wp-json\/wp\/v2\/tags?post=19265"}],"curies":[{"name":"wp","href":"https:\/\/api.w.org\/{rel}","templated":true}]}}