{"id":19270,"date":"2024-01-27T11:43:28","date_gmt":"2024-01-27T14:43:28","guid":{"rendered":"https:\/\/radiostudiow.com.br\/site\/?p=19270"},"modified":"2025-01-31T15:02:16","modified_gmt":"2025-01-31T18:02:16","slug":"policia-militar-registra-furto-de-bomba-de-agua-no-cemiterio-da-colonia-santana","status":"publish","type":"post","link":"https:\/\/radiostudiow.com.br\/site\/2024\/01\/27\/policia-militar-registra-furto-de-bomba-de-agua-no-cemiterio-da-colonia-santana\/","title":{"rendered":"POL\u00cdCIA MILITAR REGISTRA FURTO DE BOMBA DE \u00c1GUA NO CEMIT\u00c9RIO DA COL\u00d4NIA SANTANA"},"content":{"rendered":"\n<p>A equipe da Pol\u00edcia Militar de Paulo Frontin registrou uma situa\u00e7\u00e3o de furto no cemit\u00e9rio na \u00e1rea rural da cidade por volta das 11:20 horas dessa sexta-feira (26).<\/p>\n\n\n\n<figure class=\"wp-block-image size-full\"><img loading=\"lazy\" decoding=\"async\" width=\"897\" height=\"204\" src=\"https:\/\/radiostudiow.com.br\/site\/wp-content\/uploads\/2024\/01\/SITE-GRANDE3.png\" alt=\"zaions\" class=\"wp-image-18936\" srcset=\"https:\/\/radiostudiow.com.br\/site\/wp-content\/uploads\/2024\/01\/SITE-GRANDE3.png 897w, https:\/\/radiostudiow.com.br\/site\/wp-content\/uploads\/2024\/01\/SITE-GRANDE3-300x68.png 300w, https:\/\/radiostudiow.com.br\/site\/wp-content\/uploads\/2024\/01\/SITE-GRANDE3-768x175.png 768w\" sizes=\"auto, (max-width: 897px) 100vw, 897px\" \/><\/figure>\n\n\n\n<p>Compareceu ao Pelot\u00e3o da PM o presidente do cemit\u00e9rio da localidade de Col\u00f4nia Santana informando que foi furtada uma bomba de \u00e1gua de dentro do cemit\u00e9rio no valor aproximado de R$ 430,00 (Quatrocentos e trinta reais).<\/p>\n\n\n\n<p>O solicitante ainda informou que n\u00e3o sabe ao certo qual o dia do furto, constatou do fato momento que foi tentar utilizar a bomba e verificou que n\u00e3o se encontrava no local. Diante da situa\u00e7\u00e3o a v\u00edtima foi orientada sobre os procedimentos cab\u00edveis.<\/p>\n\n\n\n<figure class=\"wp-block-image size-full\"><img decoding=\"async\" src=\"https:\/\/radiostudiow.com.br\/site\/wp-content\/uploads\/2024\/01\/SITE-GRANDE5.png\" alt=\"\" class=\"wp-image-18704\"\/><\/figure>\n","protected":false},"excerpt":{"rendered":"<p>A equipe da Pol\u00edcia Militar de Paulo Frontin registrou uma situa\u00e7\u00e3o de furto no cemit\u00e9rio na \u00e1rea rural da cidade por volta das 11:20 horas dessa sexta-feira (26). Compareceu ao Pelot\u00e3o da PM o presidente do cemit\u00e9rio da localidade de Col\u00f4nia Santana informando que foi furtada uma bomba de \u00e1gua de dentro do cemit\u00e9rio no [&hellip;]<\/p>\n","protected":false},"author":2,"featured_media":14373,"comment_status":"open","ping_status":"open","sticky":false,"template":"","format":"standard","meta":{"footnotes":""},"categories":[2],"tags":[172],"class_list":["post-19270","post","type-post","status-publish","format-standard","has-post-thumbnail","hentry","category-policial","tag-featured"],"amp_enabled":true,"_links":{"self":[{"href":"https:\/\/radiostudiow.com.br\/site\/wp-json\/wp\/v2\/posts\/19270","targetHints":{"allow":["GET"]}}],"collection":[{"href":"https:\/\/radiostudiow.com.br\/site\/wp-json\/wp\/v2\/posts"}],"about":[{"href":"https:\/\/radiostudiow.com.br\/site\/wp-json\/wp\/v2\/types\/post"}],"author":[{"embeddable":true,"href":"https:\/\/radiostudiow.com.br\/site\/wp-json\/wp\/v2\/users\/2"}],"replies":[{"embeddable":true,"href":"https:\/\/radiostudiow.com.br\/site\/wp-json\/wp\/v2\/comments?post=19270"}],"version-history":[{"count":2,"href":"https:\/\/radiostudiow.com.br\/site\/wp-json\/wp\/v2\/posts\/19270\/revisions"}],"predecessor-version":[{"id":19289,"href":"https:\/\/radiostudiow.com.br\/site\/wp-json\/wp\/v2\/posts\/19270\/revisions\/19289"}],"wp:featuredmedia":[{"embeddable":true,"href":"https:\/\/radiostudiow.com.br\/site\/wp-json\/wp\/v2\/media\/14373"}],"wp:attachment":[{"href":"https:\/\/radiostudiow.com.br\/site\/wp-json\/wp\/v2\/media?parent=19270"}],"wp:term":[{"taxonomy":"category","embeddable":true,"href":"https:\/\/radiostudiow.com.br\/site\/wp-json\/wp\/v2\/categories?post=19270"},{"taxonomy":"post_tag","embeddable":true,"href":"https:\/\/radiostudiow.com.br\/site\/wp-json\/wp\/v2\/tags?post=19270"}],"curies":[{"name":"wp","href":"https:\/\/api.w.org\/{rel}","templated":true}]}}