{"id":19272,"date":"2024-01-27T10:15:02","date_gmt":"2024-01-27T13:15:02","guid":{"rendered":"https:\/\/radiostudiow.com.br\/site\/?p=19272"},"modified":"2025-01-31T15:02:16","modified_gmt":"2025-01-31T18:02:16","slug":"jovem-perde-a-vida-em-grave-acidente-na-br-476-em-sao-mateus-do-sul","status":"publish","type":"post","link":"https:\/\/radiostudiow.com.br\/site\/2024\/01\/27\/jovem-perde-a-vida-em-grave-acidente-na-br-476-em-sao-mateus-do-sul\/","title":{"rendered":"Jovem perde a vida em grave acidente na BR-476 em S\u00e3o Mateus do Sul"},"content":{"rendered":"\n<p>A equipe do Corpo de Bombeiros foi acionado para atender a ocorr\u00eancia no Km 264 da rodovia em frente a entrada da Comunidade do Santana por volta de 02:00 horas da madrugada deste s\u00e1bado (27).<\/p>\n\n\n\n<figure class=\"wp-block-image size-full\"><img decoding=\"async\" src=\"https:\/\/radiostudiow.com.br\/site\/wp-content\/uploads\/2024\/01\/SITE-GRANDE.png\" alt=\"\" class=\"wp-image-18949\"\/><\/figure>\n\n\n\n<p>No local foi constatado o \u00f3bito do motorista do ve\u00edculo Fiat Palio cinza placas Mercosul, identificado como La\u00e9rcio Max Wolf. O jovem era natural da cidade de Ant\u00f4nio Olinto e morava na comunidade do Pedroso.<\/p>\n\n\n\n<p>Em conversa com o motorista da carreta, ele passou a relatar que seguia sentido S\u00e3o Mateus do Sul quando visualizou o Palio indo em sua dire\u00e7\u00e3o, ele ainda tentou tirar mas foi atingido pelo ve\u00edculo. O condutor da carreta Daf placas de Chapec\u00f3 n\u00e3o sofreu ferimentos. <\/p>\n\n\n\n<p>A Pol\u00edcia Rodovi\u00e1ria Federal foi acionada e o corpo do jovem La\u00e9rcio foi encaminhado para o IML de Uni\u00e3o da Vit\u00f3ria.<\/p>\n\n\n\n<figure class=\"wp-block-image size-full\"><img decoding=\"async\" src=\"https:\/\/radiostudiow.com.br\/site\/wp-content\/uploads\/2024\/01\/SITE-GRANDE5.png\" alt=\"\" class=\"wp-image-18704\"\/><\/figure>\n\n\n\n<figure class=\"wp-block-image size-large\"><img loading=\"lazy\" decoding=\"async\" width=\"819\" height=\"1024\" src=\"https:\/\/radiostudiow.com.br\/site\/wp-content\/uploads\/2024\/01\/image-86-819x1024.png\" alt=\"\" class=\"wp-image-19274\" srcset=\"https:\/\/radiostudiow.com.br\/site\/wp-content\/uploads\/2024\/01\/image-86-819x1024.png 819w, https:\/\/radiostudiow.com.br\/site\/wp-content\/uploads\/2024\/01\/image-86-240x300.png 240w, https:\/\/radiostudiow.com.br\/site\/wp-content\/uploads\/2024\/01\/image-86-768x960.png 768w, https:\/\/radiostudiow.com.br\/site\/wp-content\/uploads\/2024\/01\/image-86.png 1080w\" sizes=\"auto, (max-width: 819px) 100vw, 819px\" \/><\/figure>\n\n\n\n<figure class=\"wp-block-image size-full\"><img loading=\"lazy\" decoding=\"async\" width=\"900\" height=\"640\" src=\"https:\/\/radiostudiow.com.br\/site\/wp-content\/uploads\/2024\/01\/421205799_767262615438739_3745234825156382252_n.png\" alt=\"\" class=\"wp-image-19276\" srcset=\"https:\/\/radiostudiow.com.br\/site\/wp-content\/uploads\/2024\/01\/421205799_767262615438739_3745234825156382252_n.png 900w, https:\/\/radiostudiow.com.br\/site\/wp-content\/uploads\/2024\/01\/421205799_767262615438739_3745234825156382252_n-300x213.png 300w, https:\/\/radiostudiow.com.br\/site\/wp-content\/uploads\/2024\/01\/421205799_767262615438739_3745234825156382252_n-768x546.png 768w\" sizes=\"auto, (max-width: 900px) 100vw, 900px\" \/><\/figure>\n\n\n\n<p><em>Fonte\/Fotos: Clic Sul News<\/em><\/p>\n","protected":false},"excerpt":{"rendered":"<p>A equipe do Corpo de Bombeiros foi acionado para atender a ocorr\u00eancia no Km 264 da rodovia em frente a entrada da Comunidade do Santana por volta de 02:00 horas da madrugada deste s\u00e1bado (27). No local foi constatado o \u00f3bito do motorista do ve\u00edculo Fiat Palio cinza placas Mercosul, identificado como La\u00e9rcio Max Wolf. [&hellip;]<\/p>\n","protected":false},"author":2,"featured_media":19275,"comment_status":"open","ping_status":"open","sticky":false,"template":"","format":"standard","meta":{"footnotes":""},"categories":[185],"tags":[172],"class_list":["post-19272","post","type-post","status-publish","format-standard","has-post-thumbnail","hentry","category-regional","tag-featured"],"amp_enabled":true,"_links":{"self":[{"href":"https:\/\/radiostudiow.com.br\/site\/wp-json\/wp\/v2\/posts\/19272","targetHints":{"allow":["GET"]}}],"collection":[{"href":"https:\/\/radiostudiow.com.br\/site\/wp-json\/wp\/v2\/posts"}],"about":[{"href":"https:\/\/radiostudiow.com.br\/site\/wp-json\/wp\/v2\/types\/post"}],"author":[{"embeddable":true,"href":"https:\/\/radiostudiow.com.br\/site\/wp-json\/wp\/v2\/users\/2"}],"replies":[{"embeddable":true,"href":"https:\/\/radiostudiow.com.br\/site\/wp-json\/wp\/v2\/comments?post=19272"}],"version-history":[{"count":2,"href":"https:\/\/radiostudiow.com.br\/site\/wp-json\/wp\/v2\/posts\/19272\/revisions"}],"predecessor-version":[{"id":19277,"href":"https:\/\/radiostudiow.com.br\/site\/wp-json\/wp\/v2\/posts\/19272\/revisions\/19277"}],"wp:featuredmedia":[{"embeddable":true,"href":"https:\/\/radiostudiow.com.br\/site\/wp-json\/wp\/v2\/media\/19275"}],"wp:attachment":[{"href":"https:\/\/radiostudiow.com.br\/site\/wp-json\/wp\/v2\/media?parent=19272"}],"wp:term":[{"taxonomy":"category","embeddable":true,"href":"https:\/\/radiostudiow.com.br\/site\/wp-json\/wp\/v2\/categories?post=19272"},{"taxonomy":"post_tag","embeddable":true,"href":"https:\/\/radiostudiow.com.br\/site\/wp-json\/wp\/v2\/tags?post=19272"}],"curies":[{"name":"wp","href":"https:\/\/api.w.org\/{rel}","templated":true}]}}