{"id":19278,"date":"2024-01-27T10:20:57","date_gmt":"2024-01-27T13:20:57","guid":{"rendered":"https:\/\/radiostudiow.com.br\/site\/?p=19278"},"modified":"2025-01-31T15:02:16","modified_gmt":"2025-01-31T18:02:16","slug":"prf-recupera-em-sao-mateus-do-sul-caminhonete-furtada-no-rio-de-janeiro","status":"publish","type":"post","link":"https:\/\/radiostudiow.com.br\/site\/2024\/01\/27\/prf-recupera-em-sao-mateus-do-sul-caminhonete-furtada-no-rio-de-janeiro\/","title":{"rendered":"PRF recupera em S\u00e3o Mateus do Sul caminhonete furtada no Rio de Janeiro"},"content":{"rendered":"\n<p>A equipe da Pol\u00edcia Rodovi\u00e1ria Federal \u2013PRF recuperou em S\u00e3o Mateus do Sul, por volta das 15:00 horas de desta sexta-feira, 26 de janeira, uma caminhonete roubada no Rio de Janeiro.<\/p>\n\n\n\n<figure class=\"wp-block-image size-full\"><img decoding=\"async\" src=\"https:\/\/radiostudiow.com.br\/site\/wp-content\/uploads\/2024\/01\/SITE-GRANDE2.png\" alt=\"\" class=\"wp-image-18938\"\/><\/figure>\n\n\n\n<p>A equipe da PRF deu ordem de parada ao condutor de uma camionete Toyota\/Hillux, com placas de Pato Branco (PR).<\/p>\n\n\n\n<p>Durante a abordagem, ao efetuar a fiscaliza\u00e7\u00e3o documental e dos sinais identificadores do ve\u00edculo, os policiais constataram que se tratava de uma camionete do mesmo modelo que teria sido furtada, no in\u00edcio desta semana, no estado do Rio de Janeiro.<\/p>\n\n\n\n<figure class=\"wp-block-image size-full\"><img decoding=\"async\" src=\"https:\/\/radiostudiow.com.br\/site\/wp-content\/uploads\/2024\/01\/SITE-GRANDE5.png\" alt=\"\" class=\"wp-image-18704\"\/><\/figure>\n\n\n\n<p>O condutor do ve\u00edculo foi preso e encaminhado \u00e0 Pol\u00edcia Civil da regi\u00e3o.\u00a0O ve\u00edculo ser\u00e1 restitu\u00eddo ao verdadeiro dono.<\/p>\n","protected":false},"excerpt":{"rendered":"<p>A equipe da Pol\u00edcia Rodovi\u00e1ria Federal \u2013PRF recuperou em S\u00e3o Mateus do Sul, por volta das 15:00 horas de desta sexta-feira, 26 de janeira, uma caminhonete roubada no Rio de Janeiro. A equipe da PRF deu ordem de parada ao condutor de uma camionete Toyota\/Hillux, com placas de Pato Branco (PR). Durante a abordagem, ao [&hellip;]<\/p>\n","protected":false},"author":2,"featured_media":19279,"comment_status":"open","ping_status":"open","sticky":false,"template":"","format":"standard","meta":{"footnotes":""},"categories":[2],"tags":[172],"class_list":["post-19278","post","type-post","status-publish","format-standard","has-post-thumbnail","hentry","category-policial","tag-featured"],"amp_enabled":true,"_links":{"self":[{"href":"https:\/\/radiostudiow.com.br\/site\/wp-json\/wp\/v2\/posts\/19278","targetHints":{"allow":["GET"]}}],"collection":[{"href":"https:\/\/radiostudiow.com.br\/site\/wp-json\/wp\/v2\/posts"}],"about":[{"href":"https:\/\/radiostudiow.com.br\/site\/wp-json\/wp\/v2\/types\/post"}],"author":[{"embeddable":true,"href":"https:\/\/radiostudiow.com.br\/site\/wp-json\/wp\/v2\/users\/2"}],"replies":[{"embeddable":true,"href":"https:\/\/radiostudiow.com.br\/site\/wp-json\/wp\/v2\/comments?post=19278"}],"version-history":[{"count":1,"href":"https:\/\/radiostudiow.com.br\/site\/wp-json\/wp\/v2\/posts\/19278\/revisions"}],"predecessor-version":[{"id":19280,"href":"https:\/\/radiostudiow.com.br\/site\/wp-json\/wp\/v2\/posts\/19278\/revisions\/19280"}],"wp:featuredmedia":[{"embeddable":true,"href":"https:\/\/radiostudiow.com.br\/site\/wp-json\/wp\/v2\/media\/19279"}],"wp:attachment":[{"href":"https:\/\/radiostudiow.com.br\/site\/wp-json\/wp\/v2\/media?parent=19278"}],"wp:term":[{"taxonomy":"category","embeddable":true,"href":"https:\/\/radiostudiow.com.br\/site\/wp-json\/wp\/v2\/categories?post=19278"},{"taxonomy":"post_tag","embeddable":true,"href":"https:\/\/radiostudiow.com.br\/site\/wp-json\/wp\/v2\/tags?post=19278"}],"curies":[{"name":"wp","href":"https:\/\/api.w.org\/{rel}","templated":true}]}}