{"id":19283,"date":"2024-01-27T11:13:58","date_gmt":"2024-01-27T14:13:58","guid":{"rendered":"https:\/\/radiostudiow.com.br\/site\/?p=19283"},"modified":"2025-01-31T15:02:16","modified_gmt":"2025-01-31T18:02:16","slug":"motoristas-tem-novos-prazos-para-regularizar-exame-toxicologico","status":"publish","type":"post","link":"https:\/\/radiostudiow.com.br\/site\/2024\/01\/27\/motoristas-tem-novos-prazos-para-regularizar-exame-toxicologico\/","title":{"rendered":"Motoristas t\u00eam novos prazos para regularizar exame toxicol\u00f3gico"},"content":{"rendered":"\n<p>Os motoristas que possuem Carteira Nacional de Habilita\u00e7\u00e3o (CNH) nas categorias C, D e E, que ainda n\u00e3o realizaram o exame toxicol\u00f3gico ou est\u00e3o com o teste vencido e perderam o prazo limite de 28 de dezembro de 2023, ter\u00e3o mais uma chance para regularizar a situa\u00e7\u00e3o.<img decoding=\"async\" src=\"https:\/\/agenciabrasil.ebc.com.br\/ebc.png?id=1578015&amp;o=node\"><img decoding=\"async\" src=\"https:\/\/agenciabrasil.ebc.com.br\/ebc.gif?id=1578015&amp;o=node\"><\/p>\n\n\n\n<figure class=\"wp-block-image size-full\"><img loading=\"lazy\" decoding=\"async\" width=\"897\" height=\"204\" src=\"https:\/\/radiostudiow.com.br\/site\/wp-content\/uploads\/2024\/01\/SITE-GRANDE3.png\" alt=\"zaions\" class=\"wp-image-18936\" srcset=\"https:\/\/radiostudiow.com.br\/site\/wp-content\/uploads\/2024\/01\/SITE-GRANDE3.png 897w, https:\/\/radiostudiow.com.br\/site\/wp-content\/uploads\/2024\/01\/SITE-GRANDE3-300x68.png 300w, https:\/\/radiostudiow.com.br\/site\/wp-content\/uploads\/2024\/01\/SITE-GRANDE3-768x175.png 768w\" sizes=\"auto, (max-width: 897px) 100vw, 897px\" \/><\/figure>\n\n\n\n<p>O Conselho Nacional de Tr\u00e2nsito (Contran) publicou, no&nbsp;<a href=\"http:\/\/in.gov.br\/web\/dou\/-\/deliberacao-n-272-de-25-de-janeiro-de-2024-539859599\" target=\"_blank\" rel=\"noreferrer noopener\"><em>Di\u00e1rio Oficial da Uni\u00e3o<\/em><\/a>&nbsp;desta sexta-feira (26), novos prazos para o cumprimento da determina\u00e7\u00e3o.<\/p>\n\n\n\n<p>As datas-limite estabelecidas s\u00e3o 31 de mar\u00e7o de 2024, para motoristas com validade da CNH entre janeiro e junho e 30 de abril para condutores cujo documento tenha vencimento entre julho e dezembro.<\/p>\n\n\n\n<p>O exame toxicol\u00f3gico \u00e9 uma determina\u00e7\u00e3o prevista no C\u00f3digo de Tr\u00e2nsito Brasileiro para identificar o uso de subst\u00e2ncias psicoativas que possam comprometer a capacidade de dire\u00e7\u00e3o e causar acidentes.<\/p>\n\n\n\n<figure class=\"wp-block-image size-full\"><img decoding=\"async\" src=\"https:\/\/radiostudiow.com.br\/site\/wp-content\/uploads\/2024\/01\/SITE-PEQUENO3.png\" alt=\"\" class=\"wp-image-18924\"\/><\/figure>\n\n\n\n<h2 class=\"wp-block-heading\">Idade<\/h2>\n\n\n\n<p>Os condutores com menos de 70 anos das categorias C, D e E, de \u00f4nibus e caminh\u00f5es, por exemplo, devem realizar o exame para emiss\u00e3o e renova\u00e7\u00e3o da CNH, al\u00e9m de atualiza\u00e7\u00f5es a cada dois anos e seis meses.<\/p>\n\n\n\n<p>Laborat\u00f3rios credenciados pela Secretaria Nacional de Tr\u00e2nsito (Senatran) fazem a an\u00e1lise a partir de amostras de cabelo, pelo ou unha, e os resultados levam cerca de 15 dias para serem emitidos.<\/p>\n\n\n\n<p>Atualmente, no<a href=\"http:\/\/www.gov.br\/transportes\/pt-br\/assuntos\/transito\/conteudo-Senatran\/exame-toxicologico\" target=\"_blank\" rel=\"noreferrer noopener\">\u00a0site da Senatran<\/a>, h\u00e1 17 redes de laborat\u00f3rios credenciados a fazer o exame. Os custos ficam a cargo das empresas contratantes dos motoristas ou dos pr\u00f3prios condutores, caso sejam aut\u00f4nomos.<\/p>\n\n\n\n<figure class=\"wp-block-image size-full\"><img decoding=\"async\" src=\"https:\/\/radiostudiow.com.br\/site\/wp-content\/uploads\/2024\/01\/SITE-PEQUENO-1.png\" alt=\"\" class=\"wp-image-19268\"\/><\/figure>\n\n\n\n<p>Para verificar se precisa realizar o exame toxicol\u00f3gico, o Minist\u00e9rio dos Transportes orienta que seja consultado o aplicativo Carteira Digital de Tr\u00e2nsito (CDT), onde \u00e9 necess\u00e1rio realizar o cadastro ou login, por meio da conta gov.br.<\/p>\n\n\n\n<p><em>Via Ag\u00eancia Brasil<\/em><\/p>\n","protected":false},"excerpt":{"rendered":"<p>Os motoristas que possuem Carteira Nacional de Habilita\u00e7\u00e3o (CNH) nas categorias C, D e E, que ainda n\u00e3o realizaram o exame toxicol\u00f3gico ou est\u00e3o com o teste vencido e perderam o prazo limite de 28 de dezembro de 2023, ter\u00e3o mais uma chance para regularizar a situa\u00e7\u00e3o. O Conselho Nacional de Tr\u00e2nsito (Contran) publicou, no&nbsp;Di\u00e1rio [&hellip;]<\/p>\n","protected":false},"author":2,"featured_media":19284,"comment_status":"open","ping_status":"open","sticky":false,"template":"","format":"standard","meta":{"footnotes":""},"categories":[7],"tags":[172],"class_list":["post-19283","post","type-post","status-publish","format-standard","has-post-thumbnail","hentry","category-geral","tag-featured"],"amp_enabled":true,"_links":{"self":[{"href":"https:\/\/radiostudiow.com.br\/site\/wp-json\/wp\/v2\/posts\/19283","targetHints":{"allow":["GET"]}}],"collection":[{"href":"https:\/\/radiostudiow.com.br\/site\/wp-json\/wp\/v2\/posts"}],"about":[{"href":"https:\/\/radiostudiow.com.br\/site\/wp-json\/wp\/v2\/types\/post"}],"author":[{"embeddable":true,"href":"https:\/\/radiostudiow.com.br\/site\/wp-json\/wp\/v2\/users\/2"}],"replies":[{"embeddable":true,"href":"https:\/\/radiostudiow.com.br\/site\/wp-json\/wp\/v2\/comments?post=19283"}],"version-history":[{"count":1,"href":"https:\/\/radiostudiow.com.br\/site\/wp-json\/wp\/v2\/posts\/19283\/revisions"}],"predecessor-version":[{"id":19285,"href":"https:\/\/radiostudiow.com.br\/site\/wp-json\/wp\/v2\/posts\/19283\/revisions\/19285"}],"wp:featuredmedia":[{"embeddable":true,"href":"https:\/\/radiostudiow.com.br\/site\/wp-json\/wp\/v2\/media\/19284"}],"wp:attachment":[{"href":"https:\/\/radiostudiow.com.br\/site\/wp-json\/wp\/v2\/media?parent=19283"}],"wp:term":[{"taxonomy":"category","embeddable":true,"href":"https:\/\/radiostudiow.com.br\/site\/wp-json\/wp\/v2\/categories?post=19283"},{"taxonomy":"post_tag","embeddable":true,"href":"https:\/\/radiostudiow.com.br\/site\/wp-json\/wp\/v2\/tags?post=19283"}],"curies":[{"name":"wp","href":"https:\/\/api.w.org\/{rel}","templated":true}]}}