{"id":19286,"date":"2024-01-27T11:20:04","date_gmt":"2024-01-27T14:20:04","guid":{"rendered":"https:\/\/radiostudiow.com.br\/site\/?p=19286"},"modified":"2025-01-31T15:02:16","modified_gmt":"2025-01-31T18:02:16","slug":"esmerilhadeira-e-furtada-de-residencia-em-antonio-olinto","status":"publish","type":"post","link":"https:\/\/radiostudiow.com.br\/site\/2024\/01\/27\/esmerilhadeira-e-furtada-de-residencia-em-antonio-olinto\/","title":{"rendered":"Esmerilhadeira \u00e9 furtada de resid\u00eancia em Ant\u00f4nio Olinto"},"content":{"rendered":"\n<p>A equipe da Pol\u00edcia Militar de Ant\u00f4nio Olinto foi acionada para se deslocar at\u00e9 a localidade de \u00c1gua Amarela de Cima onde teria ocorrido um furto nessa sexta-feira (26).<\/p>\n\n\n\n<figure class=\"wp-block-image size-full\"><img loading=\"lazy\" decoding=\"async\" width=\"300\" height=\"180\" src=\"https:\/\/radiostudiow.com.br\/site\/wp-content\/uploads\/2024\/01\/SITE-PEQUENO.png\" alt=\"\" class=\"wp-image-18945\"\/><\/figure>\n\n\n\n<p>No local foi entrado em contato com o solicitante, o qual informou que est\u00e1 prestando servi\u00e7o para a Prefeitura Municipal, e que na quinta-feira, 25 de janeiro, enquanto estava trabalhando observou que um masculino, o qual \u00e9 seu vizinho, estava pr\u00f3ximo de sua resid\u00eancia.<\/p>\n\n\n\n<p>Ao retornar para o local, o solicitante constatou que sua esmerilhadeira tinha sido furtada. Diante do fato o mesmo foi orientado.<\/p>\n\n\n\n<figure class=\"wp-block-image size-full\"><img decoding=\"async\" src=\"https:\/\/radiostudiow.com.br\/site\/wp-content\/uploads\/2024\/01\/SITE-GRANDE5.png\" alt=\"\" class=\"wp-image-18704\"\/><\/figure>\n","protected":false},"excerpt":{"rendered":"<p>A equipe da Pol\u00edcia Militar de Ant\u00f4nio Olinto foi acionada para se deslocar at\u00e9 a localidade de \u00c1gua Amarela de Cima onde teria ocorrido um furto nessa sexta-feira (26). No local foi entrado em contato com o solicitante, o qual informou que est\u00e1 prestando servi\u00e7o para a Prefeitura Municipal, e que na quinta-feira, 25 de [&hellip;]<\/p>\n","protected":false},"author":2,"featured_media":0,"comment_status":"open","ping_status":"open","sticky":false,"template":"","format":"standard","meta":{"footnotes":""},"categories":[2],"tags":[172],"class_list":["post-19286","post","type-post","status-publish","format-standard","hentry","category-policial","tag-featured"],"amp_enabled":true,"_links":{"self":[{"href":"https:\/\/radiostudiow.com.br\/site\/wp-json\/wp\/v2\/posts\/19286","targetHints":{"allow":["GET"]}}],"collection":[{"href":"https:\/\/radiostudiow.com.br\/site\/wp-json\/wp\/v2\/posts"}],"about":[{"href":"https:\/\/radiostudiow.com.br\/site\/wp-json\/wp\/v2\/types\/post"}],"author":[{"embeddable":true,"href":"https:\/\/radiostudiow.com.br\/site\/wp-json\/wp\/v2\/users\/2"}],"replies":[{"embeddable":true,"href":"https:\/\/radiostudiow.com.br\/site\/wp-json\/wp\/v2\/comments?post=19286"}],"version-history":[{"count":1,"href":"https:\/\/radiostudiow.com.br\/site\/wp-json\/wp\/v2\/posts\/19286\/revisions"}],"predecessor-version":[{"id":19287,"href":"https:\/\/radiostudiow.com.br\/site\/wp-json\/wp\/v2\/posts\/19286\/revisions\/19287"}],"wp:attachment":[{"href":"https:\/\/radiostudiow.com.br\/site\/wp-json\/wp\/v2\/media?parent=19286"}],"wp:term":[{"taxonomy":"category","embeddable":true,"href":"https:\/\/radiostudiow.com.br\/site\/wp-json\/wp\/v2\/categories?post=19286"},{"taxonomy":"post_tag","embeddable":true,"href":"https:\/\/radiostudiow.com.br\/site\/wp-json\/wp\/v2\/tags?post=19286"}],"curies":[{"name":"wp","href":"https:\/\/api.w.org\/{rel}","templated":true}]}}