{"id":19292,"date":"2024-01-27T23:22:44","date_gmt":"2024-01-28T02:22:44","guid":{"rendered":"https:\/\/radiostudiow.com.br\/site\/?p=19292"},"modified":"2025-01-31T15:02:16","modified_gmt":"2025-01-31T18:02:16","slug":"veiculo-capota-na-br-153-em-mallet-e-bombeiros-comunitarios-sao-acionados","status":"publish","type":"post","link":"https:\/\/radiostudiow.com.br\/site\/2024\/01\/27\/veiculo-capota-na-br-153-em-mallet-e-bombeiros-comunitarios-sao-acionados\/","title":{"rendered":"VE\u00cdCULO CAPOTA NA BR 153 EM MALLET E BOMBEIROS COMUNIT\u00c1RIOS S\u00c3O ACIONADOS"},"content":{"rendered":"\n<figure class=\"wp-block-image size-full\"><img decoding=\"async\" src=\"https:\/\/radiostudiow.com.br\/site\/wp-content\/uploads\/2023\/10\/SITE-GRANDE5.png\" alt=\"\" class=\"wp-image-16372\"\/><\/figure>\n\n\n\n<p>No final da tarde deste s\u00e1bado (27), um ve\u00edculo Gol vermelho acabou caindo fora da pista na BR-153 na cidade de Mallet, vindo na sequ\u00eancia a capotar.<\/p>\n\n\n\n<p>O acidente ocorreu por volta das 18:30 horas no km 388, sentido a Rio Azul pr\u00f3ximo a entrada da Cooperativa Bom Jesus.<\/p>\n\n\n\n<p>De imediato foi acionado os Bombeiros Comunit\u00e1rios, que juntamente com a ambul\u00e2ncia atenderam o acidente, mas de acordo com informa\u00e7\u00f5es, n\u00e3o houve v\u00edtimas, somente danos materiais.<\/p>\n\n\n\n<figure class=\"wp-block-image size-full\"><img decoding=\"async\" src=\"https:\/\/radiostudiow.com.br\/site\/wp-content\/uploads\/2022\/05\/NUTRI-MALLET.jpg\" alt=\"\" class=\"wp-image-7282\"\/><\/figure>\n\n\n\n<figure class=\"wp-block-image size-large\"><img loading=\"lazy\" decoding=\"async\" width=\"1024\" height=\"768\" src=\"https:\/\/radiostudiow.com.br\/site\/wp-content\/uploads\/2024\/01\/Imagem-do-WhatsApp-de-2024-01-27-as-22.57.52_47a81a08-1024x768.jpg\" alt=\"\" class=\"wp-image-19293\" srcset=\"https:\/\/radiostudiow.com.br\/site\/wp-content\/uploads\/2024\/01\/Imagem-do-WhatsApp-de-2024-01-27-as-22.57.52_47a81a08-1024x768.jpg 1024w, https:\/\/radiostudiow.com.br\/site\/wp-content\/uploads\/2024\/01\/Imagem-do-WhatsApp-de-2024-01-27-as-22.57.52_47a81a08-300x225.jpg 300w, https:\/\/radiostudiow.com.br\/site\/wp-content\/uploads\/2024\/01\/Imagem-do-WhatsApp-de-2024-01-27-as-22.57.52_47a81a08-768x576.jpg 768w, https:\/\/radiostudiow.com.br\/site\/wp-content\/uploads\/2024\/01\/Imagem-do-WhatsApp-de-2024-01-27-as-22.57.52_47a81a08-1536x1152.jpg 1536w, https:\/\/radiostudiow.com.br\/site\/wp-content\/uploads\/2024\/01\/Imagem-do-WhatsApp-de-2024-01-27-as-22.57.52_47a81a08.jpg 1600w\" sizes=\"auto, (max-width: 1024px) 100vw, 1024px\" \/><\/figure>\n\n\n\n<figure class=\"wp-block-image size-large\"><img decoding=\"async\" src=\"https:\/\/radiostudiow.com.br\/site\/wp-content\/uploads\/2024\/01\/Imagem-do-WhatsApp-de-2024-01-27-as-22.58.07_86e99e39-1024x768.jpg\" alt=\"\" class=\"wp-image-19294\"\/><\/figure>\n\n\n\n<figure class=\"wp-block-image size-large\"><img decoding=\"async\" src=\"https:\/\/radiostudiow.com.br\/site\/wp-content\/uploads\/2024\/01\/Imagem-do-WhatsApp-de-2024-01-27-as-22.58.07_b5a4c453-1024x768.jpg\" alt=\"\" class=\"wp-image-19295\"\/><\/figure>\n","protected":false},"excerpt":{"rendered":"<p>No final da tarde deste s\u00e1bado (27), um ve\u00edculo Gol vermelho acabou caindo fora da pista na BR-153 na cidade de Mallet, vindo na sequ\u00eancia a capotar. O acidente ocorreu por volta das 18:30 horas no km 388, sentido a Rio Azul pr\u00f3ximo a entrada da Cooperativa Bom Jesus. De imediato foi acionado os Bombeiros [&hellip;]<\/p>\n","protected":false},"author":2,"featured_media":19293,"comment_status":"open","ping_status":"open","sticky":false,"template":"","format":"standard","meta":{"footnotes":""},"categories":[184],"tags":[172],"class_list":["post-19292","post","type-post","status-publish","format-standard","has-post-thumbnail","hentry","category-local","tag-featured"],"amp_enabled":true,"_links":{"self":[{"href":"https:\/\/radiostudiow.com.br\/site\/wp-json\/wp\/v2\/posts\/19292","targetHints":{"allow":["GET"]}}],"collection":[{"href":"https:\/\/radiostudiow.com.br\/site\/wp-json\/wp\/v2\/posts"}],"about":[{"href":"https:\/\/radiostudiow.com.br\/site\/wp-json\/wp\/v2\/types\/post"}],"author":[{"embeddable":true,"href":"https:\/\/radiostudiow.com.br\/site\/wp-json\/wp\/v2\/users\/2"}],"replies":[{"embeddable":true,"href":"https:\/\/radiostudiow.com.br\/site\/wp-json\/wp\/v2\/comments?post=19292"}],"version-history":[{"count":1,"href":"https:\/\/radiostudiow.com.br\/site\/wp-json\/wp\/v2\/posts\/19292\/revisions"}],"predecessor-version":[{"id":19296,"href":"https:\/\/radiostudiow.com.br\/site\/wp-json\/wp\/v2\/posts\/19292\/revisions\/19296"}],"wp:featuredmedia":[{"embeddable":true,"href":"https:\/\/radiostudiow.com.br\/site\/wp-json\/wp\/v2\/media\/19293"}],"wp:attachment":[{"href":"https:\/\/radiostudiow.com.br\/site\/wp-json\/wp\/v2\/media?parent=19292"}],"wp:term":[{"taxonomy":"category","embeddable":true,"href":"https:\/\/radiostudiow.com.br\/site\/wp-json\/wp\/v2\/categories?post=19292"},{"taxonomy":"post_tag","embeddable":true,"href":"https:\/\/radiostudiow.com.br\/site\/wp-json\/wp\/v2\/tags?post=19292"}],"curies":[{"name":"wp","href":"https:\/\/api.w.org\/{rel}","templated":true}]}}