{"id":19297,"date":"2024-01-29T09:53:42","date_gmt":"2024-01-29T12:53:42","guid":{"rendered":"https:\/\/radiostudiow.com.br\/site\/?p=19297"},"modified":"2025-01-31T15:02:16","modified_gmt":"2025-01-31T18:02:16","slug":"casal-procura-policia-de-paula-freitas-apos-receber-ameacas-de-morte","status":"publish","type":"post","link":"https:\/\/radiostudiow.com.br\/site\/2024\/01\/29\/casal-procura-policia-de-paula-freitas-apos-receber-ameacas-de-morte\/","title":{"rendered":"Casal procura pol\u00edcia de Paula Freitas ap\u00f3s receber amea\u00e7as de morte"},"content":{"rendered":"\n<p>Um morador da Col\u00f4nia Faxinal compareceu ao Pelot\u00e3o da Pol\u00edcia Militar de Paula Freitas relatando uma situa\u00e7\u00e3o de amea\u00e7a. O caso foi registrado por volta das 09:00 horas desse s\u00e1bado (27).<\/p>\n\n\n\n<figure class=\"wp-block-image size-full\"><img decoding=\"async\" src=\"https:\/\/radiostudiow.com.br\/site\/wp-content\/uploads\/2024\/01\/SITE-GRANDE2.png\" alt=\"\" class=\"wp-image-18938\"\/><\/figure>\n\n\n\n<p>O solicitante passou a relatar que um homem estaria proferindo amea\u00e7as de morte contra ele e sua esposa. As amea\u00e7as chegaram ao solicitante por meio de terceiros que estariam trabalhando junto com o autor.<\/p>\n\n\n\n<p>A v\u00edtima relatou para a equipe que o motivo das amea\u00e7as seria uma briga que o solicitante teve com um amigo do autor. Tamb\u00e9m mencionou que no domingo, 21 de janeiro, esse amigo teria ido at\u00e9 sua resid\u00eancia e amea\u00e7ado atear fogo.<\/p>\n\n\n\n<figure class=\"wp-block-image size-full\"><img decoding=\"async\" src=\"https:\/\/radiostudiow.com.br\/site\/wp-content\/uploads\/2024\/01\/SITE-GRANDE5.png\" alt=\"\" class=\"wp-image-18704\"\/><\/figure>\n\n\n\n<p>Diante da situa\u00e7\u00e3o a equipe policial orientou a v\u00edtima quanto aos procedimentos cab\u00edveis.<\/p>\n","protected":false},"excerpt":{"rendered":"<p>Um morador da Col\u00f4nia Faxinal compareceu ao Pelot\u00e3o da Pol\u00edcia Militar de Paula Freitas relatando uma situa\u00e7\u00e3o de amea\u00e7a. O caso foi registrado por volta das 09:00 horas desse s\u00e1bado (27). O solicitante passou a relatar que um homem estaria proferindo amea\u00e7as de morte contra ele e sua esposa. As amea\u00e7as chegaram ao solicitante por [&hellip;]<\/p>\n","protected":false},"author":2,"featured_media":17774,"comment_status":"open","ping_status":"open","sticky":false,"template":"","format":"standard","meta":{"footnotes":""},"categories":[2],"tags":[172],"class_list":["post-19297","post","type-post","status-publish","format-standard","has-post-thumbnail","hentry","category-policial","tag-featured"],"amp_enabled":true,"_links":{"self":[{"href":"https:\/\/radiostudiow.com.br\/site\/wp-json\/wp\/v2\/posts\/19297","targetHints":{"allow":["GET"]}}],"collection":[{"href":"https:\/\/radiostudiow.com.br\/site\/wp-json\/wp\/v2\/posts"}],"about":[{"href":"https:\/\/radiostudiow.com.br\/site\/wp-json\/wp\/v2\/types\/post"}],"author":[{"embeddable":true,"href":"https:\/\/radiostudiow.com.br\/site\/wp-json\/wp\/v2\/users\/2"}],"replies":[{"embeddable":true,"href":"https:\/\/radiostudiow.com.br\/site\/wp-json\/wp\/v2\/comments?post=19297"}],"version-history":[{"count":7,"href":"https:\/\/radiostudiow.com.br\/site\/wp-json\/wp\/v2\/posts\/19297\/revisions"}],"predecessor-version":[{"id":19312,"href":"https:\/\/radiostudiow.com.br\/site\/wp-json\/wp\/v2\/posts\/19297\/revisions\/19312"}],"wp:featuredmedia":[{"embeddable":true,"href":"https:\/\/radiostudiow.com.br\/site\/wp-json\/wp\/v2\/media\/17774"}],"wp:attachment":[{"href":"https:\/\/radiostudiow.com.br\/site\/wp-json\/wp\/v2\/media?parent=19297"}],"wp:term":[{"taxonomy":"category","embeddable":true,"href":"https:\/\/radiostudiow.com.br\/site\/wp-json\/wp\/v2\/categories?post=19297"},{"taxonomy":"post_tag","embeddable":true,"href":"https:\/\/radiostudiow.com.br\/site\/wp-json\/wp\/v2\/tags?post=19297"}],"curies":[{"name":"wp","href":"https:\/\/api.w.org\/{rel}","templated":true}]}}