{"id":19303,"date":"2024-01-29T10:47:06","date_gmt":"2024-01-29T13:47:06","guid":{"rendered":"https:\/\/radiostudiow.com.br\/site\/?p=19303"},"modified":"2025-01-31T15:02:16","modified_gmt":"2025-01-31T18:02:16","slug":"homem-procura-policia-militar-de-mallet-apos-ter-mao-esfaqueada-em-bar-na-colonia-salto-braco-do-potinga","status":"publish","type":"post","link":"https:\/\/radiostudiow.com.br\/site\/2024\/01\/29\/homem-procura-policia-militar-de-mallet-apos-ter-mao-esfaqueada-em-bar-na-colonia-salto-braco-do-potinga\/","title":{"rendered":"Homem procura Pol\u00edcia Militar de Mallet ap\u00f3s ter m\u00e3o esfaqueada em bar na Col\u00f4nia Salto Bra\u00e7o do Potinga"},"content":{"rendered":"\n<figure class=\"wp-block-image size-full\"><img loading=\"lazy\" decoding=\"async\" width=\"897\" height=\"204\" src=\"https:\/\/radiostudiow.com.br\/site\/wp-content\/uploads\/2024\/01\/SITE-GRANDE3.png\" alt=\"zaions\" class=\"wp-image-18936\" srcset=\"https:\/\/radiostudiow.com.br\/site\/wp-content\/uploads\/2024\/01\/SITE-GRANDE3.png 897w, https:\/\/radiostudiow.com.br\/site\/wp-content\/uploads\/2024\/01\/SITE-GRANDE3-300x68.png 300w, https:\/\/radiostudiow.com.br\/site\/wp-content\/uploads\/2024\/01\/SITE-GRANDE3-768x175.png 768w\" sizes=\"auto, (max-width: 897px) 100vw, 897px\" \/><\/figure>\n\n\n\n<p>Um senhor compareceu ao Pelot\u00e3o da Pol\u00edcia Militar de Mallet por volta das 22:10 horas desse domingo, 28 de janeiro, para registrar um caso de les\u00e3o corporal.<\/p>\n\n\n\n<p>O solicitante relatou que estava em um bar na localidade da Col\u00f4nia Salto Bra\u00e7o do Potinga, n\u00e3o soube informar o nome do estabelecimento, momento que houve uma discuss\u00e3o com o propriet\u00e1rio que acabou desferindo um golpe de faca na sua m\u00e3o esquerda, causando uma pequena les\u00e3o.<\/p>\n\n\n\n<figure class=\"wp-block-image size-full\"><img decoding=\"async\" src=\"https:\/\/radiostudiow.com.br\/site\/wp-content\/uploads\/2024\/01\/SITE-GRANDE5.png\" alt=\"\" class=\"wp-image-18704\"\/><\/figure>\n\n\n\n<p>Diante dos relatos a equipe policial orientou a v\u00edtima sobre os procedimentos cab\u00edveis junto a Pol\u00edcia Judici\u00e1ria.<\/p>\n","protected":false},"excerpt":{"rendered":"<p>Um senhor compareceu ao Pelot\u00e3o da Pol\u00edcia Militar de Mallet por volta das 22:10 horas desse domingo, 28 de janeiro, para registrar um caso de les\u00e3o corporal. O solicitante relatou que estava em um bar na localidade da Col\u00f4nia Salto Bra\u00e7o do Potinga, n\u00e3o soube informar o nome do estabelecimento, momento que houve uma discuss\u00e3o [&hellip;]<\/p>\n","protected":false},"author":2,"featured_media":17323,"comment_status":"open","ping_status":"open","sticky":false,"template":"","format":"standard","meta":{"footnotes":""},"categories":[2],"tags":[172],"class_list":["post-19303","post","type-post","status-publish","format-standard","has-post-thumbnail","hentry","category-policial","tag-featured"],"amp_enabled":true,"_links":{"self":[{"href":"https:\/\/radiostudiow.com.br\/site\/wp-json\/wp\/v2\/posts\/19303","targetHints":{"allow":["GET"]}}],"collection":[{"href":"https:\/\/radiostudiow.com.br\/site\/wp-json\/wp\/v2\/posts"}],"about":[{"href":"https:\/\/radiostudiow.com.br\/site\/wp-json\/wp\/v2\/types\/post"}],"author":[{"embeddable":true,"href":"https:\/\/radiostudiow.com.br\/site\/wp-json\/wp\/v2\/users\/2"}],"replies":[{"embeddable":true,"href":"https:\/\/radiostudiow.com.br\/site\/wp-json\/wp\/v2\/comments?post=19303"}],"version-history":[{"count":2,"href":"https:\/\/radiostudiow.com.br\/site\/wp-json\/wp\/v2\/posts\/19303\/revisions"}],"predecessor-version":[{"id":19314,"href":"https:\/\/radiostudiow.com.br\/site\/wp-json\/wp\/v2\/posts\/19303\/revisions\/19314"}],"wp:featuredmedia":[{"embeddable":true,"href":"https:\/\/radiostudiow.com.br\/site\/wp-json\/wp\/v2\/media\/17323"}],"wp:attachment":[{"href":"https:\/\/radiostudiow.com.br\/site\/wp-json\/wp\/v2\/media?parent=19303"}],"wp:term":[{"taxonomy":"category","embeddable":true,"href":"https:\/\/radiostudiow.com.br\/site\/wp-json\/wp\/v2\/categories?post=19303"},{"taxonomy":"post_tag","embeddable":true,"href":"https:\/\/radiostudiow.com.br\/site\/wp-json\/wp\/v2\/tags?post=19303"}],"curies":[{"name":"wp","href":"https:\/\/api.w.org\/{rel}","templated":true}]}}