{"id":19317,"date":"2024-01-29T11:06:44","date_gmt":"2024-01-29T14:06:44","guid":{"rendered":"https:\/\/radiostudiow.com.br\/site\/?p=19317"},"modified":"2025-01-31T15:02:16","modified_gmt":"2025-01-31T18:02:16","slug":"fios-soltos-provocam-ferimentos-em-casal-que-estava-em-uma-moto-na-lapa","status":"publish","type":"post","link":"https:\/\/radiostudiow.com.br\/site\/2024\/01\/29\/fios-soltos-provocam-ferimentos-em-casal-que-estava-em-uma-moto-na-lapa\/","title":{"rendered":"Fios soltos provocam ferimentos em casal que estava em uma moto na Lapa"},"content":{"rendered":"\n<p>Nesta semana um casal ficou ferido ap\u00f3s um incidente na Rua Bar\u00e3o do Rio Branco, abaixo do cruzamento com a Rua Jo\u00e3o C\u00e2ndido Ferreira (pr\u00f3ximo aos Vicentinos) na cidade da Lapa. Um rapaz passava de moto com sua namorada pelo local e foi surpreendido com fios de internet e telefonia na altura do pesco\u00e7o.<\/p>\n\n\n\n<figure class=\"wp-block-image size-full\"><img decoding=\"async\" src=\"https:\/\/radiostudiow.com.br\/site\/wp-content\/uploads\/2024\/01\/SITE-GRANDE4.png\" alt=\"\" class=\"wp-image-18920\"\/><\/figure>\n\n\n\n<p>Os ferimentos foram consider\u00e1veis, como mostram as fotos que enviou ao Canal da Cidade. O condutor relata que buscou atendimento no Hospital S\u00e3o Sebasti\u00e3o e nos dias seguintes ainda sentia muita dor e n\u00e3o conseguia mexer o pesco\u00e7o normalmente.<\/p>\n\n\n\n<p><em>\u201cEstamos tomando provid\u00eancias jur\u00eddicas a respeito e sugiro uma reportagem, para outros que andam de moto se cuidem e tamb\u00e9m pra ver se \u00e9 feito alguma coisa para n\u00e3o ter mais situa\u00e7\u00e3o como essa\u201d, escreveu o jovem.<\/em><\/p>\n\n\n\n<figure class=\"wp-block-image size-full\"><img decoding=\"async\" src=\"https:\/\/radiostudiow.com.br\/site\/wp-content\/uploads\/2024\/01\/SITE-GRANDE5.png\" alt=\"\" class=\"wp-image-18704\"\/><\/figure>\n\n\n\n<p>Ao que se sabe um caminh\u00e3o enroscou e soltou os fios que provocaram o acidente no domingo. H\u00e1 relatos tamb\u00e9m que um caminh\u00e3o com excesso de altura foi respons\u00e1vel por arrebentar fios de telefonia na esquina da Rua Jorge Montenegro com Joaquim Linhares de Lacerda, um dos pontos com fios pendurados pela cidade nos \u00faltimos dias.<\/p>\n","protected":false},"excerpt":{"rendered":"<p>Nesta semana um casal ficou ferido ap\u00f3s um incidente na Rua Bar\u00e3o do Rio Branco, abaixo do cruzamento com a Rua Jo\u00e3o C\u00e2ndido Ferreira (pr\u00f3ximo aos Vicentinos) na cidade da Lapa. Um rapaz passava de moto com sua namorada pelo local e foi surpreendido com fios de internet e telefonia na altura do pesco\u00e7o. Os [&hellip;]<\/p>\n","protected":false},"author":2,"featured_media":0,"comment_status":"open","ping_status":"open","sticky":false,"template":"","format":"standard","meta":{"footnotes":""},"categories":[2],"tags":[172],"class_list":["post-19317","post","type-post","status-publish","format-standard","hentry","category-policial","tag-featured"],"amp_enabled":true,"_links":{"self":[{"href":"https:\/\/radiostudiow.com.br\/site\/wp-json\/wp\/v2\/posts\/19317","targetHints":{"allow":["GET"]}}],"collection":[{"href":"https:\/\/radiostudiow.com.br\/site\/wp-json\/wp\/v2\/posts"}],"about":[{"href":"https:\/\/radiostudiow.com.br\/site\/wp-json\/wp\/v2\/types\/post"}],"author":[{"embeddable":true,"href":"https:\/\/radiostudiow.com.br\/site\/wp-json\/wp\/v2\/users\/2"}],"replies":[{"embeddable":true,"href":"https:\/\/radiostudiow.com.br\/site\/wp-json\/wp\/v2\/comments?post=19317"}],"version-history":[{"count":1,"href":"https:\/\/radiostudiow.com.br\/site\/wp-json\/wp\/v2\/posts\/19317\/revisions"}],"predecessor-version":[{"id":19319,"href":"https:\/\/radiostudiow.com.br\/site\/wp-json\/wp\/v2\/posts\/19317\/revisions\/19319"}],"wp:attachment":[{"href":"https:\/\/radiostudiow.com.br\/site\/wp-json\/wp\/v2\/media?parent=19317"}],"wp:term":[{"taxonomy":"category","embeddable":true,"href":"https:\/\/radiostudiow.com.br\/site\/wp-json\/wp\/v2\/categories?post=19317"},{"taxonomy":"post_tag","embeddable":true,"href":"https:\/\/radiostudiow.com.br\/site\/wp-json\/wp\/v2\/tags?post=19317"}],"curies":[{"name":"wp","href":"https:\/\/api.w.org\/{rel}","templated":true}]}}