{"id":19320,"date":"2024-01-29T11:18:04","date_gmt":"2024-01-29T14:18:04","guid":{"rendered":"https:\/\/radiostudiow.com.br\/site\/?p=19320"},"modified":"2025-01-31T15:02:16","modified_gmt":"2025-01-31T18:02:16","slug":"caminhoneiro-embriagado-e-preso-pela-rotam-de-sao-mateus-do-sul","status":"publish","type":"post","link":"https:\/\/radiostudiow.com.br\/site\/2024\/01\/29\/caminhoneiro-embriagado-e-preso-pela-rotam-de-sao-mateus-do-sul\/","title":{"rendered":"Caminhoneiro embriagado \u00e9 preso pela Rotam de S\u00e3o Mateus do Sul"},"content":{"rendered":"\n<figure class=\"wp-block-image size-full\"><img decoding=\"async\" src=\"https:\/\/radiostudiow.com.br\/site\/wp-content\/uploads\/2024\/01\/SITE-GRANDE.png\" alt=\"\" class=\"wp-image-18949\"\/><\/figure>\n\n\n\n<p>A equipe da Rotam deslocava-se pela rodovia BR-476, km 302, pr\u00f3ximo a entrada do posto de combust\u00edveis, quando se deparou com um ve\u00edculo caminh\u00e3o em manobra de \u201cL\u201d sobre as faixas de rolamento da via, dando marcha r\u00e9 durante a madrugada deste domingo (28).<\/p>\n\n\n\n<p>Diante do fato foi procedida aproxima\u00e7\u00e3o e abordagem ao ve\u00edculo, sendo constatado somente o motorista, identificado, o qual estava com vis\u00edveis sinais de embriaguez, sendo h\u00e1lito et\u00edlico, olhos vermelhos, desorienta\u00e7\u00e3o e cambaleante.<\/p>\n\n\n\n<figure class=\"wp-block-image size-full\"><img decoding=\"async\" src=\"https:\/\/radiostudiow.com.br\/site\/wp-content\/uploads\/2024\/01\/SITE-GRANDE5.png\" alt=\"\" class=\"wp-image-18704\"\/><\/figure>\n\n\n\n<p>Devido aos evidentes sintomas do crime de embriaguez ao volante, foi dada voz de pris\u00e3o e encaminhado para delegacia para provid\u00eancias cab\u00edveis.<\/p>\n","protected":false},"excerpt":{"rendered":"<p>A equipe da Rotam deslocava-se pela rodovia BR-476, km 302, pr\u00f3ximo a entrada do posto de combust\u00edveis, quando se deparou com um ve\u00edculo caminh\u00e3o em manobra de \u201cL\u201d sobre as faixas de rolamento da via, dando marcha r\u00e9 durante a madrugada deste domingo (28). Diante do fato foi procedida aproxima\u00e7\u00e3o e abordagem ao ve\u00edculo, sendo [&hellip;]<\/p>\n","protected":false},"author":2,"featured_media":18707,"comment_status":"open","ping_status":"open","sticky":false,"template":"","format":"standard","meta":{"footnotes":""},"categories":[2],"tags":[172],"class_list":["post-19320","post","type-post","status-publish","format-standard","has-post-thumbnail","hentry","category-policial","tag-featured"],"amp_enabled":true,"_links":{"self":[{"href":"https:\/\/radiostudiow.com.br\/site\/wp-json\/wp\/v2\/posts\/19320","targetHints":{"allow":["GET"]}}],"collection":[{"href":"https:\/\/radiostudiow.com.br\/site\/wp-json\/wp\/v2\/posts"}],"about":[{"href":"https:\/\/radiostudiow.com.br\/site\/wp-json\/wp\/v2\/types\/post"}],"author":[{"embeddable":true,"href":"https:\/\/radiostudiow.com.br\/site\/wp-json\/wp\/v2\/users\/2"}],"replies":[{"embeddable":true,"href":"https:\/\/radiostudiow.com.br\/site\/wp-json\/wp\/v2\/comments?post=19320"}],"version-history":[{"count":1,"href":"https:\/\/radiostudiow.com.br\/site\/wp-json\/wp\/v2\/posts\/19320\/revisions"}],"predecessor-version":[{"id":19321,"href":"https:\/\/radiostudiow.com.br\/site\/wp-json\/wp\/v2\/posts\/19320\/revisions\/19321"}],"wp:featuredmedia":[{"embeddable":true,"href":"https:\/\/radiostudiow.com.br\/site\/wp-json\/wp\/v2\/media\/18707"}],"wp:attachment":[{"href":"https:\/\/radiostudiow.com.br\/site\/wp-json\/wp\/v2\/media?parent=19320"}],"wp:term":[{"taxonomy":"category","embeddable":true,"href":"https:\/\/radiostudiow.com.br\/site\/wp-json\/wp\/v2\/categories?post=19320"},{"taxonomy":"post_tag","embeddable":true,"href":"https:\/\/radiostudiow.com.br\/site\/wp-json\/wp\/v2\/tags?post=19320"}],"curies":[{"name":"wp","href":"https:\/\/api.w.org\/{rel}","templated":true}]}}