{"id":19337,"date":"2024-01-29T17:53:26","date_gmt":"2024-01-29T20:53:26","guid":{"rendered":"https:\/\/radiostudiow.com.br\/site\/?p=19337"},"modified":"2025-01-31T15:02:15","modified_gmt":"2025-01-31T18:02:15","slug":"caminhao-pega-fogo-na-br-476-em-paula-freitas","status":"publish","type":"post","link":"https:\/\/radiostudiow.com.br\/site\/2024\/01\/29\/caminhao-pega-fogo-na-br-476-em-paula-freitas\/","title":{"rendered":"Caminh\u00e3o pega fogo na BR-476 em Paula Freitas"},"content":{"rendered":"\n<figure class=\"wp-block-image size-full\"><img loading=\"lazy\" decoding=\"async\" width=\"598\" height=\"204\" src=\"https:\/\/radiostudiow.com.br\/site\/wp-content\/uploads\/2024\/01\/SITE-MEDIO.png\" alt=\"\" class=\"wp-image-18916\" srcset=\"https:\/\/radiostudiow.com.br\/site\/wp-content\/uploads\/2024\/01\/SITE-MEDIO.png 598w, https:\/\/radiostudiow.com.br\/site\/wp-content\/uploads\/2024\/01\/SITE-MEDIO-300x102.png 300w\" sizes=\"auto, (max-width: 598px) 100vw, 598px\" \/><\/figure>\n\n\n\n<p>Um inc\u00eandio em ve\u00edculo mobilizou uma equipe do Corpo de Bombeiros de Uni\u00e3o da Vit\u00f3ria no in\u00edcio da manh\u00e3 desta segunda-feira (29), at\u00e9 a BR-476 em Paula Freitas, pr\u00f3ximo do Posto Drag\u00e3o.<\/p>\n\n\n\n<p>Um caminh\u00e3o carregado de papel\u00e3o pegou fogo na rodovia, v\u00e1rias pessoas tentaram ajudar com extintores, mas n\u00e3o foi poss\u00edvel apagar o inc\u00eandio devido ao tipo de carga. O condutor conseguiu desacoplar o cavalo mec\u00e2nico a tempo, evitando uma perda ainda maior.<\/p>\n\n\n\n<figure class=\"wp-block-image size-full\"><img decoding=\"async\" src=\"https:\/\/radiostudiow.com.br\/site\/wp-content\/uploads\/2024\/01\/SITE-GRANDE5.png\" alt=\"\" class=\"wp-image-18704\"\/><\/figure>\n\n\n\n<figure class=\"wp-block-embed is-type-video is-provider-youtube wp-block-embed-youtube wp-embed-aspect-16-9 wp-has-aspect-ratio\"><div class=\"wp-block-embed__wrapper\">\n<iframe loading=\"lazy\" title=\"Inc\u00eandio em caminh\u00e3o pr\u00f3ximo do posto Drag\u00e3o\" width=\"740\" height=\"416\" src=\"https:\/\/www.youtube.com\/embed\/-QPaZ1ASAGM?feature=oembed\" frameborder=\"0\" allow=\"accelerometer; autoplay; clipboard-write; encrypted-media; gyroscope; picture-in-picture; web-share\" allowfullscreen><\/iframe>\n<\/div><\/figure>\n","protected":false},"excerpt":{"rendered":"<p>Um inc\u00eandio em ve\u00edculo mobilizou uma equipe do Corpo de Bombeiros de Uni\u00e3o da Vit\u00f3ria no in\u00edcio da manh\u00e3 desta segunda-feira (29), at\u00e9 a BR-476 em Paula Freitas, pr\u00f3ximo do Posto Drag\u00e3o. Um caminh\u00e3o carregado de papel\u00e3o pegou fogo na rodovia, v\u00e1rias pessoas tentaram ajudar com extintores, mas n\u00e3o foi poss\u00edvel apagar o inc\u00eandio devido [&hellip;]<\/p>\n","protected":false},"author":2,"featured_media":19347,"comment_status":"open","ping_status":"open","sticky":false,"template":"","format":"standard","meta":{"footnotes":""},"categories":[2],"tags":[172],"class_list":["post-19337","post","type-post","status-publish","format-standard","has-post-thumbnail","hentry","category-policial","tag-featured"],"amp_enabled":true,"_links":{"self":[{"href":"https:\/\/radiostudiow.com.br\/site\/wp-json\/wp\/v2\/posts\/19337","targetHints":{"allow":["GET"]}}],"collection":[{"href":"https:\/\/radiostudiow.com.br\/site\/wp-json\/wp\/v2\/posts"}],"about":[{"href":"https:\/\/radiostudiow.com.br\/site\/wp-json\/wp\/v2\/types\/post"}],"author":[{"embeddable":true,"href":"https:\/\/radiostudiow.com.br\/site\/wp-json\/wp\/v2\/users\/2"}],"replies":[{"embeddable":true,"href":"https:\/\/radiostudiow.com.br\/site\/wp-json\/wp\/v2\/comments?post=19337"}],"version-history":[{"count":2,"href":"https:\/\/radiostudiow.com.br\/site\/wp-json\/wp\/v2\/posts\/19337\/revisions"}],"predecessor-version":[{"id":19348,"href":"https:\/\/radiostudiow.com.br\/site\/wp-json\/wp\/v2\/posts\/19337\/revisions\/19348"}],"wp:featuredmedia":[{"embeddable":true,"href":"https:\/\/radiostudiow.com.br\/site\/wp-json\/wp\/v2\/media\/19347"}],"wp:attachment":[{"href":"https:\/\/radiostudiow.com.br\/site\/wp-json\/wp\/v2\/media?parent=19337"}],"wp:term":[{"taxonomy":"category","embeddable":true,"href":"https:\/\/radiostudiow.com.br\/site\/wp-json\/wp\/v2\/categories?post=19337"},{"taxonomy":"post_tag","embeddable":true,"href":"https:\/\/radiostudiow.com.br\/site\/wp-json\/wp\/v2\/tags?post=19337"}],"curies":[{"name":"wp","href":"https:\/\/api.w.org\/{rel}","templated":true}]}}