{"id":19339,"date":"2024-01-29T17:44:56","date_gmt":"2024-01-29T20:44:56","guid":{"rendered":"https:\/\/radiostudiow.com.br\/site\/?p=19339"},"modified":"2025-01-31T15:02:16","modified_gmt":"2025-01-31T18:02:16","slug":"bombeiros-de-sao-mateus-do-sul-recebem-reconhecimento-por-trabalho-nos-alagamentos","status":"publish","type":"post","link":"https:\/\/radiostudiow.com.br\/site\/2024\/01\/29\/bombeiros-de-sao-mateus-do-sul-recebem-reconhecimento-por-trabalho-nos-alagamentos\/","title":{"rendered":"Bombeiros de S\u00e3o Mateus do Sul recebem reconhecimento por trabalho nos alagamentos"},"content":{"rendered":"\n<p><em>A Prefeitura de S\u00e3o Mateus do Sul, em parceria com a Defesa Civil, realizou na sexta-feira, 26 de janeiro, a entrega de um Certificado de Agradecimento para 25 bombeiros de S\u00e3o Mateus do Sul e de Ponta Grossa por suas importantes atua\u00e7\u00f5es no enfrentamento das fortes chuvas e alagamentos que atingiram o munic\u00edpio em 2023.<\/em><\/p>\n\n\n\n<figure class=\"wp-block-image size-full\"><img loading=\"lazy\" decoding=\"async\" width=\"897\" height=\"204\" src=\"https:\/\/radiostudiow.com.br\/site\/wp-content\/uploads\/2024\/01\/SITE-GRANDE3.png\" alt=\"zaions\" class=\"wp-image-18936\" srcset=\"https:\/\/radiostudiow.com.br\/site\/wp-content\/uploads\/2024\/01\/SITE-GRANDE3.png 897w, https:\/\/radiostudiow.com.br\/site\/wp-content\/uploads\/2024\/01\/SITE-GRANDE3-300x68.png 300w, https:\/\/radiostudiow.com.br\/site\/wp-content\/uploads\/2024\/01\/SITE-GRANDE3-768x175.png 768w\" sizes=\"auto, (max-width: 897px) 100vw, 897px\" \/><\/figure>\n\n\n\n<p>De acordo com o coordenador municipal de Prote\u00e7\u00e3o e Defesa Civil, Tiago Kruchelski Huk, o certificado \u00e9 uma forma de externar os agradecimentos, em nome da popula\u00e7\u00e3o, pelo trabalho e pela bravura dos profissionais no per\u00edodo de calamidade.<\/p>\n\n\n\n<p>A prefeita Fernanda Sardanha destacou que a atua\u00e7\u00e3o colaborativa dos profissionais do Corpo de Bombeiros de S\u00e3o Mateus do Sul e regi\u00e3o foi, sem d\u00favida, um trabalho essencial juntamente com os servidores e colaboradores, no atendimento \u00e0s fam\u00edlias e enfrentamento \u00e0s cheias que assolaram nosso Munic\u00edpio. <em>\u201cFoi esse trabalho, somado aos esfor\u00e7os da comunidade, que tornou S\u00e3o Mateus do Sul um exemplo de empatia e de solidariedade perante a nobre miss\u00e3o de ajudar pessoas\u201d, disse.<\/em><\/p>\n\n\n\n<figure class=\"wp-block-image size-full\"><img decoding=\"async\" src=\"https:\/\/radiostudiow.com.br\/site\/wp-content\/uploads\/2024\/01\/SITE-GRANDE5.png\" alt=\"\" class=\"wp-image-18704\"\/><\/figure>\n\n\n\n<p>Tamb\u00e9m estiveram presentes na solenidade o comandante do 10\u00b0 SGBi, major Jorge Augusto, o vereador Osvaldo Parafuso, al\u00e9m de membros do Corpo de Bombeiros de S\u00e3o Mateus do Sul.<\/p>\n\n\n\n<p><em>Com informa\u00e7\u00f5es Assessoria de Comunica\u00e7\u00e3o Prefeitura Municipal<\/em><\/p>\n","protected":false},"excerpt":{"rendered":"<p>A Prefeitura de S\u00e3o Mateus do Sul, em parceria com a Defesa Civil, realizou na sexta-feira, 26 de janeiro, a entrega de um Certificado de Agradecimento para 25 bombeiros de S\u00e3o Mateus do Sul e de Ponta Grossa por suas importantes atua\u00e7\u00f5es no enfrentamento das fortes chuvas e alagamentos que atingiram o munic\u00edpio em 2023. [&hellip;]<\/p>\n","protected":false},"author":2,"featured_media":19340,"comment_status":"open","ping_status":"open","sticky":false,"template":"","format":"standard","meta":{"footnotes":""},"categories":[185],"tags":[172],"class_list":["post-19339","post","type-post","status-publish","format-standard","has-post-thumbnail","hentry","category-regional","tag-featured"],"amp_enabled":true,"_links":{"self":[{"href":"https:\/\/radiostudiow.com.br\/site\/wp-json\/wp\/v2\/posts\/19339","targetHints":{"allow":["GET"]}}],"collection":[{"href":"https:\/\/radiostudiow.com.br\/site\/wp-json\/wp\/v2\/posts"}],"about":[{"href":"https:\/\/radiostudiow.com.br\/site\/wp-json\/wp\/v2\/types\/post"}],"author":[{"embeddable":true,"href":"https:\/\/radiostudiow.com.br\/site\/wp-json\/wp\/v2\/users\/2"}],"replies":[{"embeddable":true,"href":"https:\/\/radiostudiow.com.br\/site\/wp-json\/wp\/v2\/comments?post=19339"}],"version-history":[{"count":1,"href":"https:\/\/radiostudiow.com.br\/site\/wp-json\/wp\/v2\/posts\/19339\/revisions"}],"predecessor-version":[{"id":19341,"href":"https:\/\/radiostudiow.com.br\/site\/wp-json\/wp\/v2\/posts\/19339\/revisions\/19341"}],"wp:featuredmedia":[{"embeddable":true,"href":"https:\/\/radiostudiow.com.br\/site\/wp-json\/wp\/v2\/media\/19340"}],"wp:attachment":[{"href":"https:\/\/radiostudiow.com.br\/site\/wp-json\/wp\/v2\/media?parent=19339"}],"wp:term":[{"taxonomy":"category","embeddable":true,"href":"https:\/\/radiostudiow.com.br\/site\/wp-json\/wp\/v2\/categories?post=19339"},{"taxonomy":"post_tag","embeddable":true,"href":"https:\/\/radiostudiow.com.br\/site\/wp-json\/wp\/v2\/tags?post=19339"}],"curies":[{"name":"wp","href":"https:\/\/api.w.org\/{rel}","templated":true}]}}