{"id":19342,"date":"2024-01-29T17:50:33","date_gmt":"2024-01-29T20:50:33","guid":{"rendered":"https:\/\/radiostudiow.com.br\/site\/?p=19342"},"modified":"2025-01-31T15:02:15","modified_gmt":"2025-01-31T18:02:15","slug":"acidente-com-caminhao-derrama-produto-quimico-na-serra-dona-francisca-em-joinville-na-br-376-que-esta-totalmente-bloqueada-entre-parana-e-santa-catarina-nesta-segunda-feira-29","status":"publish","type":"post","link":"https:\/\/radiostudiow.com.br\/site\/2024\/01\/29\/acidente-com-caminhao-derrama-produto-quimico-na-serra-dona-francisca-em-joinville-na-br-376-que-esta-totalmente-bloqueada-entre-parana-e-santa-catarina-nesta-segunda-feira-29\/","title":{"rendered":"Acidente com caminh\u00e3o derrama produto qu\u00edmico na Serra Dona Francisca em Joinville e deixa BR-376 totalmente bloqueada entre Paran\u00e1 e Santa Catarina nesta segunda-feira (29)"},"content":{"rendered":"\n<p>Um acidente com caminh\u00e3o carregado de \u00e1cido sulf\u00f4nico\u00a0interditou a SC-418, no trecho da Serra Dona Francisca em\u00a0Joinville. Segundo a\u00a0Pol\u00edcia Militar Ambiental, houve derramamento do produto qu\u00edmico na regi\u00e3o. A extens\u00e3o do vazamento ainda \u00e9 calculado.<\/p>\n\n\n\n<p>A Serra Dona Francisca foi totalmente interditada no local da ocorr\u00eancia, no quil\u00f4metro 14, pr\u00f3ximo ao Mirante. A previs\u00e3o \u00e9 que o tr\u00e2nsito seja liberado no fim da tarde.<\/p>\n\n\n\n<figure class=\"wp-block-image size-full\"><img decoding=\"async\" src=\"https:\/\/radiostudiow.com.br\/site\/wp-content\/uploads\/2024\/01\/SITE-GRANDE5.png\" alt=\"\" class=\"wp-image-18704\"\/><\/figure>\n\n\n\n<h2 class=\"wp-block-heading\">Extens\u00e3o do derramamento de produto qu\u00edmico na Serra Dona Francisca causa impactos no abastecimento<\/h2>\n\n\n\n<p>Por conta do vazamento de produto qu\u00edmico, a Prefeitura de Joinville e a Companhia \u00c1guas de Joinville instalaram um Gabinete de Crise para acompanhar a situa\u00e7\u00e3o. Como primeira medida, a Esta\u00e7\u00e3o de Tratamento de \u00c1gua (ETA) do Cubat\u00e3o fechou preventivamente a capta\u00e7\u00e3o. Isso porque ainda n\u00e3o se sabe a extens\u00e3o do derramamento.<\/p>\n\n\n\n<p>A medida tem como objetivo garantir a seguran\u00e7a dos consumidores e pode ocasionar interrup\u00e7\u00e3o no&nbsp;abastecimento de \u00e1gua&nbsp;nos bairros Adhemar Garcia, Am\u00e9rica, Anita Garibaldi, Atiradores, Aventureiro, Bom Retiro, Boa Vista, Bucarein, Centro, Comasa, Costa e Silva, Distrito Industrial Norte, Dona Francisca, Espinheiros, F\u00e1tima, Floresta, Gl\u00f3ria, Guanabara, Iriri\u00fa, Itaum, Jardim Para\u00edso, Jardim Iriri\u00fa, Jardim Sofia, Jarivatuba, Jo\u00e3o Costa, Paranaguamirim, Parque Guarani, Petr\u00f3polis, Pirabeiraba, Rio Bonito, Sagua\u00e7u, Santo Ant\u00f4nio, Ulysses Guimar\u00e3es e Vila Cubat\u00e3o.<\/p>\n\n\n\n<p>O fechamento ir\u00e1 permanecer at\u00e9 que sejam finalizadas as an\u00e1lises qu\u00edmicas das amostras coletadas e que seja comprovado que n\u00e3o h\u00e1 risco para o consumo.<\/p>\n\n\n\n<p>Equipes da Defesa Civil da cidade e tamb\u00e9m da Secretaria do Meio Ambiente (Sama), por meio da unidade de Gest\u00e3o Ambiental, est\u00e3o no local para ajudar nas medidas de conten\u00e7\u00e3o e orientar em rela\u00e7\u00e3o \u00e0s quest\u00f5es t\u00e9cnicas necess\u00e1rias.<\/p>\n\n\n\n<figure class=\"wp-block-image size-full\"><img decoding=\"async\" src=\"https:\/\/radiostudiow.com.br\/site\/wp-content\/uploads\/2024\/01\/SITE-GRANDE2.png\" alt=\"\" class=\"wp-image-18938\"\/><\/figure>\n\n\n\n<figure class=\"wp-block-image size-full\"><img loading=\"lazy\" decoding=\"async\" width=\"1024\" height=\"537\" src=\"https:\/\/radiostudiow.com.br\/site\/wp-content\/uploads\/2024\/01\/image-91.png\" alt=\"\" class=\"wp-image-19343\" srcset=\"https:\/\/radiostudiow.com.br\/site\/wp-content\/uploads\/2024\/01\/image-91.png 1024w, https:\/\/radiostudiow.com.br\/site\/wp-content\/uploads\/2024\/01\/image-91-300x157.png 300w, https:\/\/radiostudiow.com.br\/site\/wp-content\/uploads\/2024\/01\/image-91-768x403.png 768w\" sizes=\"auto, (max-width: 1024px) 100vw, 1024px\" \/><\/figure>\n\n\n\n<h2 class=\"wp-block-heading\">BR-376 ser\u00e1 totalmente bloqueada entre Paran\u00e1 e Santa Catarina nesta segunda-feira (29)<\/h2>\n\n\n\n<p>A BR-376 ser\u00e1 totalmente bloqueada \u00e0s 23h30 desta segunda-feira (29), na regi\u00e3o da Serra do Mar, entre o Paran\u00e1 e Santa Catarina. Segundo a concession\u00e1ria Arteris, a interdi\u00e7\u00e3o ocorrer\u00e1 para a manuten\u00e7\u00e3o de radares instalados no trecho.<\/p>\n\n\n\n<p>Para minimizar os impactos no tr\u00e2nsito, o servi\u00e7o ser\u00e1 realizado em tr\u00eas dias, em per\u00edodos noturnos, quando o movimento \u00e9 menor.<\/p>\n\n\n\n<p>Nesta segunda-feira (29), o bloqueio na BR-376 ser\u00e1 no km 668,8, em Guaratuba, na pista sentido Curitiba. O trabalho est\u00e1 previsto para acontecer entre 23h30 e 1h30.&nbsp;<\/p>\n\n\n\n<p>A interdi\u00e7\u00e3o \u00e9 necess\u00e1ria para garantir a seguran\u00e7a dos trabalhadores e tamb\u00e9m dos usu\u00e1rios da rodovia.<\/p>\n\n\n\n<figure class=\"wp-block-image size-full\"><img loading=\"lazy\" decoding=\"async\" width=\"300\" height=\"180\" src=\"https:\/\/radiostudiow.com.br\/site\/wp-content\/uploads\/2024\/01\/SITE-PEQUENO.png\" alt=\"\" class=\"wp-image-18945\"\/><\/figure>\n\n\n\n<p><em><a href=\"https:\/\/ndmais.com.br\/transito\/acidente-produto-quimico-serra-dona-francisca\/\" target=\"_blank\" rel=\"noreferrer noopener\">Com informa\u00e7\u00f5es ND+<\/a><\/em><\/p>\n","protected":false},"excerpt":{"rendered":"<p>Um acidente com caminh\u00e3o carregado de \u00e1cido sulf\u00f4nico\u00a0interditou a SC-418, no trecho da Serra Dona Francisca em\u00a0Joinville. Segundo a\u00a0Pol\u00edcia Militar Ambiental, houve derramamento do produto qu\u00edmico na regi\u00e3o. A extens\u00e3o do vazamento ainda \u00e9 calculado. A Serra Dona Francisca foi totalmente interditada no local da ocorr\u00eancia, no quil\u00f4metro 14, pr\u00f3ximo ao Mirante. A previs\u00e3o \u00e9 [&hellip;]<\/p>\n","protected":false},"author":2,"featured_media":19344,"comment_status":"open","ping_status":"open","sticky":false,"template":"","format":"standard","meta":{"footnotes":""},"categories":[2],"tags":[172],"class_list":["post-19342","post","type-post","status-publish","format-standard","has-post-thumbnail","hentry","category-policial","tag-featured"],"amp_enabled":true,"_links":{"self":[{"href":"https:\/\/radiostudiow.com.br\/site\/wp-json\/wp\/v2\/posts\/19342","targetHints":{"allow":["GET"]}}],"collection":[{"href":"https:\/\/radiostudiow.com.br\/site\/wp-json\/wp\/v2\/posts"}],"about":[{"href":"https:\/\/radiostudiow.com.br\/site\/wp-json\/wp\/v2\/types\/post"}],"author":[{"embeddable":true,"href":"https:\/\/radiostudiow.com.br\/site\/wp-json\/wp\/v2\/users\/2"}],"replies":[{"embeddable":true,"href":"https:\/\/radiostudiow.com.br\/site\/wp-json\/wp\/v2\/comments?post=19342"}],"version-history":[{"count":2,"href":"https:\/\/radiostudiow.com.br\/site\/wp-json\/wp\/v2\/posts\/19342\/revisions"}],"predecessor-version":[{"id":19346,"href":"https:\/\/radiostudiow.com.br\/site\/wp-json\/wp\/v2\/posts\/19342\/revisions\/19346"}],"wp:featuredmedia":[{"embeddable":true,"href":"https:\/\/radiostudiow.com.br\/site\/wp-json\/wp\/v2\/media\/19344"}],"wp:attachment":[{"href":"https:\/\/radiostudiow.com.br\/site\/wp-json\/wp\/v2\/media?parent=19342"}],"wp:term":[{"taxonomy":"category","embeddable":true,"href":"https:\/\/radiostudiow.com.br\/site\/wp-json\/wp\/v2\/categories?post=19342"},{"taxonomy":"post_tag","embeddable":true,"href":"https:\/\/radiostudiow.com.br\/site\/wp-json\/wp\/v2\/tags?post=19342"}],"curies":[{"name":"wp","href":"https:\/\/api.w.org\/{rel}","templated":true}]}}