{"id":19357,"date":"2024-01-29T20:33:43","date_gmt":"2024-01-29T23:33:43","guid":{"rendered":"https:\/\/radiostudiow.com.br\/site\/?p=19357"},"modified":"2025-01-31T15:02:15","modified_gmt":"2025-01-31T18:02:15","slug":"concessao-dos-lotes-1-e-2-das-rodovias-paranaenses-tem-inicio-nesta-terca-feira-30","status":"publish","type":"post","link":"https:\/\/radiostudiow.com.br\/site\/2024\/01\/29\/concessao-dos-lotes-1-e-2-das-rodovias-paranaenses-tem-inicio-nesta-terca-feira-30\/","title":{"rendered":"Concess\u00e3o dos lotes 1 e 2 das rodovias paranaenses tem in\u00edcio nesta ter\u00e7a-feira (30)"},"content":{"rendered":"\n<p><strong><em>Assinatura acontece no Pal\u00e1cio do Planalto; Vencedores dos leil\u00f5es realizados no ano passado, Infraestrutura Brasil Holding XXI S.A. e Cons\u00f3rcio Infraestrutura PR ser\u00e3o respons\u00e1veis pela administra\u00e7\u00e3o do conjunto de estradas pelos pr\u00f3ximos 30 anos.<\/em><\/strong><\/p>\n\n\n\n<figure class=\"wp-block-image size-full\"><img decoding=\"async\" src=\"https:\/\/radiostudiow.com.br\/site\/wp-content\/uploads\/2024\/01\/SITE-GRANDE4.png\" alt=\"\" class=\"wp-image-18920\"\/><\/figure>\n\n\n\n<p><strong>Assessoria Especial de Comunica\u00e7\u00e3o<\/strong><\/p>\n\n\n\n<p>Est\u00e1 marcada para esta ter\u00e7a-feira (30), no Pal\u00e1cio do Planalto, solenidade na qual o Governo Federal transfere oficialmente o controle das rodovias que comp\u00f5em os lotes 1 e 2 do sistema rodovi\u00e1rio paranaense para as empresas vencedoras dos leil\u00f5es realizados em agosto e setembro de 2023. O ministro dos Transportes, Renan Filho, participa da cerim\u00f4nia, ao lado do presidente da Rep\u00fablica, Luiz In\u00e1cio Lula da Silva.<\/p>\n\n\n\n<p>Os projetos elaborados sob a modelagem da nova pol\u00edtica de concess\u00f5es rodovi\u00e1rias desenvolvida pelo Minist\u00e9rio dos Transportes foram marcados pelo ineditismo de unir vias estaduais e federais. Ao longo das pr\u00f3ximas tr\u00eas d\u00e9cadas, os sistemas rodovi\u00e1rios ser\u00e3o administrados por duas empresas entrantes no setor: a Infraestrutura Brasil Holding XXI S.A., vencedora do Lote 1 e que vai gerir o ativo como concession\u00e1ria Via Arauc\u00e1ria, e o Cons\u00f3rcio Infraestrutura PR, que arrematou o Lote 2 e o administrar\u00e1 como EPR Litoral Pioneiro.<\/p>\n\n\n\n<figure class=\"wp-block-image size-full\"><img decoding=\"async\" src=\"https:\/\/radiostudiow.com.br\/site\/wp-content\/uploads\/2024\/01\/SITE-GRANDE.png\" alt=\"\" class=\"wp-image-18949\"\/><\/figure>\n\n\n\n<p>As empresas investir\u00e3o R$ 30,4 bilh\u00f5es \u2013 somados investimentos e servi\u00e7os operacionais \u2013 nos 19 trechos de estradas que comp\u00f5em os dois lotes de estradas, beneficiando moradores de 41 munic\u00edpios da \u00e1rea de abrang\u00eancia \u2013 cerca de 6 milh\u00f5es de habitantes.<\/p>\n\n\n\n<p>Tamb\u00e9m participam da solenidade o diretor-geral da Ag\u00eancia Nacional de Transportes Terrestres (ANTT), Rafael Vitale, o governador do Paran\u00e1, Ratinho J\u00fanior, parlamentares da representa\u00e7\u00e3o federal do Paran\u00e1 no Congresso Nacional e gestores municipais da regi\u00e3o. Ap\u00f3s o evento, est\u00e1 previsto atendimento \u00e0 imprensa.<\/p>\n\n\n\n<p><strong>Cobertura<\/strong><\/p>\n\n\n\n<p>COBERTURA \u2014 O credenciamento da imprensa deve ser feito diretamente no site da Presid\u00eancia da Rep\u00fablica (<a href=\"https:\/\/credimprensa.presidencia.gov.br\/credimprensa\/pt\/login\">https:\/\/credimprensa.presidencia.gov.br\/credimprensa\/pt\/login<\/a>) at\u00e9 as 12h do dia 30 de janeiro de 2024 (hor\u00e1rio de Bras\u00edlia). Est\u00e1 prevista transmiss\u00e3o da TV Brasil e do Canal Gov (no YouTube).<\/p>\n\n\n\n<figure class=\"wp-block-image size-full\"><img decoding=\"async\" src=\"https:\/\/radiostudiow.com.br\/site\/wp-content\/uploads\/2024\/01\/SITE-GRANDE5.png\" alt=\"\" class=\"wp-image-18704\"\/><\/figure>\n\n\n\n<p><strong>SERVI\u00c7O<\/strong><\/p>\n\n\n\n<p>O qu\u00ea: Cerim\u00f4nia de assinatura de contratos de concess\u00e3o dos lotes 1 e 2 das rodovias do Paran\u00e1<\/p>\n\n\n\n<p>Quando: Ter\u00e7a-feira (30), 15h<\/p>\n\n\n\n<p>Local: Sal\u00e3o Leste do Pal\u00e1cio do Planalto<\/p>\n\n\n\n<p>Transmiss\u00e3o:\u00a0<a href=\"https:\/\/www.youtube.com\/@canalgov\">https:\/\/www.youtube.com\/@canalgov<\/a><\/p>\n","protected":false},"excerpt":{"rendered":"<p>Assinatura acontece no Pal\u00e1cio do Planalto; Vencedores dos leil\u00f5es realizados no ano passado, Infraestrutura Brasil Holding XXI S.A. e Cons\u00f3rcio Infraestrutura PR ser\u00e3o respons\u00e1veis pela administra\u00e7\u00e3o do conjunto de estradas pelos pr\u00f3ximos 30 anos. Assessoria Especial de Comunica\u00e7\u00e3o Est\u00e1 marcada para esta ter\u00e7a-feira (30), no Pal\u00e1cio do Planalto, solenidade na qual o Governo Federal transfere [&hellip;]<\/p>\n","protected":false},"author":2,"featured_media":19358,"comment_status":"open","ping_status":"open","sticky":false,"template":"","format":"standard","meta":{"footnotes":""},"categories":[7],"tags":[172],"class_list":["post-19357","post","type-post","status-publish","format-standard","has-post-thumbnail","hentry","category-geral","tag-featured"],"amp_enabled":true,"_links":{"self":[{"href":"https:\/\/radiostudiow.com.br\/site\/wp-json\/wp\/v2\/posts\/19357","targetHints":{"allow":["GET"]}}],"collection":[{"href":"https:\/\/radiostudiow.com.br\/site\/wp-json\/wp\/v2\/posts"}],"about":[{"href":"https:\/\/radiostudiow.com.br\/site\/wp-json\/wp\/v2\/types\/post"}],"author":[{"embeddable":true,"href":"https:\/\/radiostudiow.com.br\/site\/wp-json\/wp\/v2\/users\/2"}],"replies":[{"embeddable":true,"href":"https:\/\/radiostudiow.com.br\/site\/wp-json\/wp\/v2\/comments?post=19357"}],"version-history":[{"count":1,"href":"https:\/\/radiostudiow.com.br\/site\/wp-json\/wp\/v2\/posts\/19357\/revisions"}],"predecessor-version":[{"id":19359,"href":"https:\/\/radiostudiow.com.br\/site\/wp-json\/wp\/v2\/posts\/19357\/revisions\/19359"}],"wp:featuredmedia":[{"embeddable":true,"href":"https:\/\/radiostudiow.com.br\/site\/wp-json\/wp\/v2\/media\/19358"}],"wp:attachment":[{"href":"https:\/\/radiostudiow.com.br\/site\/wp-json\/wp\/v2\/media?parent=19357"}],"wp:term":[{"taxonomy":"category","embeddable":true,"href":"https:\/\/radiostudiow.com.br\/site\/wp-json\/wp\/v2\/categories?post=19357"},{"taxonomy":"post_tag","embeddable":true,"href":"https:\/\/radiostudiow.com.br\/site\/wp-json\/wp\/v2\/tags?post=19357"}],"curies":[{"name":"wp","href":"https:\/\/api.w.org\/{rel}","templated":true}]}}