{"id":19360,"date":"2024-01-29T20:38:00","date_gmt":"2024-01-29T23:38:00","guid":{"rendered":"https:\/\/radiostudiow.com.br\/site\/?p=19360"},"modified":"2025-01-31T15:02:15","modified_gmt":"2025-01-31T18:02:15","slug":"homem-e-encontrado-morto-com-sinais-de-agressao-em-imbituva","status":"publish","type":"post","link":"https:\/\/radiostudiow.com.br\/site\/2024\/01\/29\/homem-e-encontrado-morto-com-sinais-de-agressao-em-imbituva\/","title":{"rendered":"Homem \u00e9 encontrado morto com sinais de agress\u00e3o em Imbituva"},"content":{"rendered":"\n<p>Equipe da ambul\u00e2ncia municipal foi acionada para prestar atendimento a um homem que estava passando mal na localidade de Barrocas, em Imbituva. Ao chegar ao local, os socorristas constataram que a v\u00edtima estava sem sinais vitais e apresentava les\u00f5es leves no bra\u00e7o esquerdo, al\u00e9m de pequenas escoria\u00e7\u00f5es nas pernas. Um detalhe alarmante foi a presen\u00e7a de sangue na parede do ambiente na noite de s\u00e1bado (27).<\/p>\n\n\n\n<figure class=\"wp-block-image size-full\"><img decoding=\"async\" src=\"https:\/\/radiostudiow.com.br\/site\/wp-content\/uploads\/2024\/01\/SITE-GRANDE2.png\" alt=\"\" class=\"wp-image-18938\"\/><\/figure>\n\n\n\n<p><br>Diante da situa\u00e7\u00e3o, o pronto atendimento entrou em contato com a Pol\u00edcia Militar para relatar os fatos. Ent\u00e3o uma equipe policial deslocou-se at\u00e9 o local e encontrou o homem deitado em um colch\u00e3o no ch\u00e3o de um quarto, apresentando as mesmas les\u00f5es observadas anteriormente.<\/p>\n\n\n\n<p><br>O local foi imediatamente isolado pela equipe policial, que tamb\u00e9m coletou informa\u00e7\u00f5es de tr\u00eas homens.<br>Segundo os moradores, o homem estava agitado e se jogava contra a parede e no ch\u00e3o. Um dos residentes entrou no quarto para verificar seu estado e o encontrou desacordado, acionando ent\u00e3o a ambul\u00e2ncia.<\/p>\n\n\n\n<figure class=\"wp-block-image size-full\"><img decoding=\"async\" src=\"https:\/\/radiostudiow.com.br\/site\/wp-content\/uploads\/2024\/01\/SITE-GRANDE5.png\" alt=\"\" class=\"wp-image-18704\"\/><\/figure>\n\n\n\n<p>Diante da gravidade da situa\u00e7\u00e3o, a Pol\u00edcia Civil e o Instituto M\u00e9dico Legal (IML) foram acionados para investigar as circunst\u00e2ncias da morte e realizar os procedimentos legais necess\u00e1rios.<\/p>\n","protected":false},"excerpt":{"rendered":"<p>Equipe da ambul\u00e2ncia municipal foi acionada para prestar atendimento a um homem que estava passando mal na localidade de Barrocas, em Imbituva. Ao chegar ao local, os socorristas constataram que a v\u00edtima estava sem sinais vitais e apresentava les\u00f5es leves no bra\u00e7o esquerdo, al\u00e9m de pequenas escoria\u00e7\u00f5es nas pernas. Um detalhe alarmante foi a presen\u00e7a [&hellip;]<\/p>\n","protected":false},"author":2,"featured_media":18776,"comment_status":"open","ping_status":"open","sticky":false,"template":"","format":"standard","meta":{"footnotes":""},"categories":[2],"tags":[172],"class_list":["post-19360","post","type-post","status-publish","format-standard","has-post-thumbnail","hentry","category-policial","tag-featured"],"amp_enabled":true,"_links":{"self":[{"href":"https:\/\/radiostudiow.com.br\/site\/wp-json\/wp\/v2\/posts\/19360","targetHints":{"allow":["GET"]}}],"collection":[{"href":"https:\/\/radiostudiow.com.br\/site\/wp-json\/wp\/v2\/posts"}],"about":[{"href":"https:\/\/radiostudiow.com.br\/site\/wp-json\/wp\/v2\/types\/post"}],"author":[{"embeddable":true,"href":"https:\/\/radiostudiow.com.br\/site\/wp-json\/wp\/v2\/users\/2"}],"replies":[{"embeddable":true,"href":"https:\/\/radiostudiow.com.br\/site\/wp-json\/wp\/v2\/comments?post=19360"}],"version-history":[{"count":1,"href":"https:\/\/radiostudiow.com.br\/site\/wp-json\/wp\/v2\/posts\/19360\/revisions"}],"predecessor-version":[{"id":19361,"href":"https:\/\/radiostudiow.com.br\/site\/wp-json\/wp\/v2\/posts\/19360\/revisions\/19361"}],"wp:featuredmedia":[{"embeddable":true,"href":"https:\/\/radiostudiow.com.br\/site\/wp-json\/wp\/v2\/media\/18776"}],"wp:attachment":[{"href":"https:\/\/radiostudiow.com.br\/site\/wp-json\/wp\/v2\/media?parent=19360"}],"wp:term":[{"taxonomy":"category","embeddable":true,"href":"https:\/\/radiostudiow.com.br\/site\/wp-json\/wp\/v2\/categories?post=19360"},{"taxonomy":"post_tag","embeddable":true,"href":"https:\/\/radiostudiow.com.br\/site\/wp-json\/wp\/v2\/tags?post=19360"}],"curies":[{"name":"wp","href":"https:\/\/api.w.org\/{rel}","templated":true}]}}