{"id":19363,"date":"2024-01-30T09:17:15","date_gmt":"2024-01-30T12:17:15","guid":{"rendered":"https:\/\/radiostudiow.com.br\/site\/?p=19363"},"modified":"2025-01-31T15:02:15","modified_gmt":"2025-01-31T18:02:15","slug":"obras-na-cidade-dependem-de-votacao-urgente-de-vereadores-de-mallet","status":"publish","type":"post","link":"https:\/\/radiostudiow.com.br\/site\/2024\/01\/30\/obras-na-cidade-dependem-de-votacao-urgente-de-vereadores-de-mallet\/","title":{"rendered":"OBRAS NA CIDADE DEPENDEM DE VOTA\u00c7\u00c3O URGENTE DE VEREADORES DE MALLET"},"content":{"rendered":"\n<p><strong>Na \u00faltima sexta-feira, dia 26 de janeiro, o Prefeito Moacir enviou \u00e0 C\u00e2mara Municipal o Projeto de Lei n\u00ba 001\/2024, requerendo ao atual Presidente, Sr. Cristiano Perepelecia, a CONVOCA\u00c7\u00c3O de uma sess\u00e3o extraordin\u00e1ria (urgentemente) para que os vereadores votem o pedido de ajuste na contabilidade do munic\u00edpio, a fim de viabilizar as seguintes obras:<\/strong><\/p>\n\n\n\n<p>\u2022 Pavimenta\u00e7\u00e3o da Avenida Rio Clarense em Dorizon;<br>\u2022 Pavimenta\u00e7\u00e3o da Serra do Tigre;<br>\u2022 Pavimenta\u00e7\u00e3o da Rua Expedicion\u00e1rios;<br>\u2022 Continuidade da constru\u00e7\u00e3o da Unidade de Sa\u00fade da Fam\u00edlia (Rio Claro do Sul);<br>\u2022 Projeto de Ilumina\u00e7\u00e3o P\u00fablica \u2013 COPEL.<\/p>\n\n\n\n<p>Destaca-se que o Munic\u00edpio de Mallet j\u00e1 possui os recursos financeiros para esses investimentos, seja por meio de parceria com o governo do Estado do Paran\u00e1, com a Copel ou ainda por recursos pr\u00f3prios economizados pela gest\u00e3o municipal.<\/p>\n\n\n\n<figure class=\"wp-block-image size-large is-resized\"><img decoding=\"async\" src=\"https:\/\/radiostudiow.com.br\/site\/wp-content\/uploads\/2024\/01\/image-5-1024x379.png\" alt=\"\" class=\"wp-image-18395\" style=\"width:740px;height:auto\"\/><\/figure>\n\n\n\n<p><\/p>\n\n\n\n<h2 class=\"wp-block-heading\">Considerando a urg\u00eancia, ontem, o Prefeito enviou novo of\u00edcio refor\u00e7ando o pedido, para que seja marcada a reuni\u00e3o j\u00e1 nesta quarta-feira, dia 31 de janeiro.<\/h2>\n\n\n\n<p>Esses ajustes cont\u00e1beis anteriores a 2023 n\u00e3o necessitavam ser aprovados pela C\u00e2mara, uma vez que o setor de contabilidade os realizava, pois a lei de Mallet sempre permitiu. Contudo, no ano passado, os vereadores alteraram a lei e agora as mudan\u00e7as nos planejamentos financeiros precisam ser analisadas pelos vereadores.<\/p>\n\n\n\n<p>De acordo com o Prefeito Moacir Szinvelski, \u00e9 muito importante que a vota\u00e7\u00e3o seja realizada ainda nesta semana, pois qualquer demora na an\u00e1lise do projeto acarretar\u00e1 atrasos no in\u00edcio de diversas obras no munic\u00edpio. &#8220;Temos muitos projetos para iniciar e \u00e9 importante que nossos vereadores os analisem e votem o mais rapidamente poss\u00edvel para que nossa popula\u00e7\u00e3o possa ser beneficiada&#8221;, destacou preocupado o prefeito para a nossa reportagem.<\/p>\n\n\n\n<p>\u00c9 importante destacar que o munic\u00edpio possui os recursos financeiros, que \u00e9 sempre a parte mais dif\u00edcil; agora s\u00f3 precisa da autoriza\u00e7\u00e3o para que o Setor Cont\u00e1bil fa\u00e7a os ajustes necess\u00e1rios.<\/p>\n","protected":false},"excerpt":{"rendered":"<p>Na \u00faltima sexta-feira, dia 26 de janeiro, o Prefeito Moacir enviou \u00e0 C\u00e2mara Municipal o Projeto de Lei n\u00ba 001\/2024, requerendo ao atual Presidente, Sr. Cristiano Perepelecia, a CONVOCA\u00c7\u00c3O de uma sess\u00e3o extraordin\u00e1ria (urgentemente) para que os vereadores votem o pedido de ajuste na contabilidade do munic\u00edpio, a fim de viabilizar as seguintes obras: \u2022 [&hellip;]<\/p>\n","protected":false},"author":2,"featured_media":19364,"comment_status":"open","ping_status":"open","sticky":false,"template":"","format":"standard","meta":{"footnotes":""},"categories":[184],"tags":[172],"class_list":["post-19363","post","type-post","status-publish","format-standard","has-post-thumbnail","hentry","category-local","tag-featured"],"amp_enabled":true,"_links":{"self":[{"href":"https:\/\/radiostudiow.com.br\/site\/wp-json\/wp\/v2\/posts\/19363","targetHints":{"allow":["GET"]}}],"collection":[{"href":"https:\/\/radiostudiow.com.br\/site\/wp-json\/wp\/v2\/posts"}],"about":[{"href":"https:\/\/radiostudiow.com.br\/site\/wp-json\/wp\/v2\/types\/post"}],"author":[{"embeddable":true,"href":"https:\/\/radiostudiow.com.br\/site\/wp-json\/wp\/v2\/users\/2"}],"replies":[{"embeddable":true,"href":"https:\/\/radiostudiow.com.br\/site\/wp-json\/wp\/v2\/comments?post=19363"}],"version-history":[{"count":3,"href":"https:\/\/radiostudiow.com.br\/site\/wp-json\/wp\/v2\/posts\/19363\/revisions"}],"predecessor-version":[{"id":19375,"href":"https:\/\/radiostudiow.com.br\/site\/wp-json\/wp\/v2\/posts\/19363\/revisions\/19375"}],"wp:featuredmedia":[{"embeddable":true,"href":"https:\/\/radiostudiow.com.br\/site\/wp-json\/wp\/v2\/media\/19364"}],"wp:attachment":[{"href":"https:\/\/radiostudiow.com.br\/site\/wp-json\/wp\/v2\/media?parent=19363"}],"wp:term":[{"taxonomy":"category","embeddable":true,"href":"https:\/\/radiostudiow.com.br\/site\/wp-json\/wp\/v2\/categories?post=19363"},{"taxonomy":"post_tag","embeddable":true,"href":"https:\/\/radiostudiow.com.br\/site\/wp-json\/wp\/v2\/tags?post=19363"}],"curies":[{"name":"wp","href":"https:\/\/api.w.org\/{rel}","templated":true}]}}