{"id":19370,"date":"2024-01-30T10:22:25","date_gmt":"2024-01-30T13:22:25","guid":{"rendered":"https:\/\/radiostudiow.com.br\/site\/?p=19370"},"modified":"2025-01-31T15:02:15","modified_gmt":"2025-01-31T18:02:15","slug":"mulher-procura-policia-de-bituruna-apos-sofrer-ameacas-de-morte-do-ex-convivente","status":"publish","type":"post","link":"https:\/\/radiostudiow.com.br\/site\/2024\/01\/30\/mulher-procura-policia-de-bituruna-apos-sofrer-ameacas-de-morte-do-ex-convivente\/","title":{"rendered":"Mulher procura pol\u00edcia de Bituruna ap\u00f3s sofrer amea\u00e7as de morte do ex-convivente"},"content":{"rendered":"\n<p>Uma moradora da Linha Palmital compareceu ao Pelot\u00e3o da Pol\u00edcia Militar de Bituruna por volta das 23:00 horas dessa segunda-feira, 29 de janeiro, relatando um caso de viol\u00eancia dom\u00e9stica.<\/p>\n\n\n\n<figure class=\"wp-block-image size-full\"><img decoding=\"async\" src=\"https:\/\/radiostudiow.com.br\/site\/wp-content\/uploads\/2024\/01\/SITE-GRANDE2.png\" alt=\"\" class=\"wp-image-18938\"\/><\/figure>\n\n\n\n<p>A solicitante passou a relatar que seu ex-convivente estaria bebendo na casa de um vizinho e ap\u00f3s \u00e0s 23:00 horas dessa sexta-feira (26), ele foi at\u00e9 sua resid\u00eancia e come\u00e7ou a lhe amea\u00e7ar, dizendo &#8220;Vou te matar&#8221;, &#8220;vou te deixar morta pros teus filhos te achar&#8221;.<\/p>\n\n\n\n<p>A v\u00edtima passou a relatar que logo ap\u00f3s o autor teria pego um cartucho de arma de fogo, tamb\u00e9m uma espingarda, nesse momento ela correu em meio ao matagal e se escondeu na casa de um vizinho. No dia seguinte, ao retornar para sua casa, afirmou que o seu ex-convivente ficou lhe perseguindo.<\/p>\n\n\n\n<figure class=\"wp-block-image size-full\"><img decoding=\"async\" src=\"https:\/\/radiostudiow.com.br\/site\/wp-content\/uploads\/2024\/01\/SITE-GRANDE5.png\" alt=\"\" class=\"wp-image-18704\"\/><\/figure>\n\n\n\n<p>A mulher afirmou que as situa\u00e7\u00f5es de amea\u00e7as s\u00e3o frequentes, e o suposto autor tem problemas com agressividade.<\/p>\n\n\n\n<p>Diante dos relatos a equipe policial orientou a v\u00edtima quanto aos procedimentos Judici\u00e1rios cab\u00edveis e quanto ao procedimento para medida protetiva de urg\u00eancia.<\/p>\n","protected":false},"excerpt":{"rendered":"<p>Uma moradora da Linha Palmital compareceu ao Pelot\u00e3o da Pol\u00edcia Militar de Bituruna por volta das 23:00 horas dessa segunda-feira, 29 de janeiro, relatando um caso de viol\u00eancia dom\u00e9stica. A solicitante passou a relatar que seu ex-convivente estaria bebendo na casa de um vizinho e ap\u00f3s \u00e0s 23:00 horas dessa sexta-feira (26), ele foi at\u00e9 [&hellip;]<\/p>\n","protected":false},"author":2,"featured_media":0,"comment_status":"open","ping_status":"open","sticky":false,"template":"","format":"standard","meta":{"footnotes":""},"categories":[2],"tags":[172],"class_list":["post-19370","post","type-post","status-publish","format-standard","hentry","category-policial","tag-featured"],"amp_enabled":true,"_links":{"self":[{"href":"https:\/\/radiostudiow.com.br\/site\/wp-json\/wp\/v2\/posts\/19370","targetHints":{"allow":["GET"]}}],"collection":[{"href":"https:\/\/radiostudiow.com.br\/site\/wp-json\/wp\/v2\/posts"}],"about":[{"href":"https:\/\/radiostudiow.com.br\/site\/wp-json\/wp\/v2\/types\/post"}],"author":[{"embeddable":true,"href":"https:\/\/radiostudiow.com.br\/site\/wp-json\/wp\/v2\/users\/2"}],"replies":[{"embeddable":true,"href":"https:\/\/radiostudiow.com.br\/site\/wp-json\/wp\/v2\/comments?post=19370"}],"version-history":[{"count":3,"href":"https:\/\/radiostudiow.com.br\/site\/wp-json\/wp\/v2\/posts\/19370\/revisions"}],"predecessor-version":[{"id":19376,"href":"https:\/\/radiostudiow.com.br\/site\/wp-json\/wp\/v2\/posts\/19370\/revisions\/19376"}],"wp:attachment":[{"href":"https:\/\/radiostudiow.com.br\/site\/wp-json\/wp\/v2\/media?parent=19370"}],"wp:term":[{"taxonomy":"category","embeddable":true,"href":"https:\/\/radiostudiow.com.br\/site\/wp-json\/wp\/v2\/categories?post=19370"},{"taxonomy":"post_tag","embeddable":true,"href":"https:\/\/radiostudiow.com.br\/site\/wp-json\/wp\/v2\/tags?post=19370"}],"curies":[{"name":"wp","href":"https:\/\/api.w.org\/{rel}","templated":true}]}}