{"id":19377,"date":"2024-01-30T11:31:17","date_gmt":"2024-01-30T14:31:17","guid":{"rendered":"https:\/\/radiostudiow.com.br\/site\/?p=19377"},"modified":"2025-01-31T15:02:15","modified_gmt":"2025-01-31T18:02:15","slug":"policia-militar-de-general-carneiro-cumpre-mandado-de-prisao","status":"publish","type":"post","link":"https:\/\/radiostudiow.com.br\/site\/2024\/01\/30\/policia-militar-de-general-carneiro-cumpre-mandado-de-prisao\/","title":{"rendered":"Pol\u00edcia Militar de General Carneiro cumpre mandado de pris\u00e3o"},"content":{"rendered":"\n<p>A equipe da Pol\u00edcia Militar de General Carneiro deu cumprimento de um mandado de pris\u00e3o nessa segunda-feira, 29 de janeiro, na rodovia BR-153, KM 480, atrav\u00e9s do compartilhamento de informa\u00e7\u00f5es entre a BPRONE e servi\u00e7o reservado do 27\u00ba BPM.<\/p>\n\n\n\n<figure class=\"wp-block-image size-full\"><img decoding=\"async\" src=\"https:\/\/radiostudiow.com.br\/site\/wp-content\/uploads\/2024\/01\/SITE-GRANDE4.png\" alt=\"\" class=\"wp-image-18920\"\/><\/figure>\n\n\n\n<p>Os policiais receberam as informa\u00e7\u00f5es sobre circula\u00e7\u00e3o na Rodovia de um ve\u00edculo GM Onix, o qual havia den\u00fancia que um dos ocupantes estaria com um mandado de pris\u00e3o em aberto em seu desfavor.<\/p>\n\n\n\n<p>Realizado a abordagem ao ve\u00edculo suspeito, na busca pessoal, nada de il\u00edcito foi localizado junto aos abordados e no interior do ve\u00edculo foi localizado um colete  bal\u00edstico na cor caqui com placa interna de material desconhecido.<\/p>\n\n\n\n<figure class=\"wp-block-image size-full\"><img decoding=\"async\" src=\"https:\/\/radiostudiow.com.br\/site\/wp-content\/uploads\/2024\/01\/SITE-GRANDE5.png\" alt=\"\" class=\"wp-image-18704\"\/><\/figure>\n\n\n\n<p>Em consulta ao sistema de investiga\u00e7\u00e3o um dos ocupantes apresentava um mandado de pris\u00e3o com validade de at\u00e9 11 de setembro de 2034 da Comarca de Curitiba.<\/p>\n\n\n\n<p>Diante dos fatos o abordado juntamente com o objeto foi conduzido e entregue a Depen de Uni\u00e3o da Vit\u00f3ria para provid\u00eancia Judici\u00e1rias.<\/p>\n","protected":false},"excerpt":{"rendered":"<p>A equipe da Pol\u00edcia Militar de General Carneiro deu cumprimento de um mandado de pris\u00e3o nessa segunda-feira, 29 de janeiro, na rodovia BR-153, KM 480, atrav\u00e9s do compartilhamento de informa\u00e7\u00f5es entre a BPRONE e servi\u00e7o reservado do 27\u00ba BPM. Os policiais receberam as informa\u00e7\u00f5es sobre circula\u00e7\u00e3o na Rodovia de um ve\u00edculo GM Onix, o qual [&hellip;]<\/p>\n","protected":false},"author":2,"featured_media":10652,"comment_status":"open","ping_status":"open","sticky":false,"template":"","format":"standard","meta":{"footnotes":""},"categories":[2],"tags":[172],"class_list":["post-19377","post","type-post","status-publish","format-standard","has-post-thumbnail","hentry","category-policial","tag-featured"],"amp_enabled":true,"_links":{"self":[{"href":"https:\/\/radiostudiow.com.br\/site\/wp-json\/wp\/v2\/posts\/19377","targetHints":{"allow":["GET"]}}],"collection":[{"href":"https:\/\/radiostudiow.com.br\/site\/wp-json\/wp\/v2\/posts"}],"about":[{"href":"https:\/\/radiostudiow.com.br\/site\/wp-json\/wp\/v2\/types\/post"}],"author":[{"embeddable":true,"href":"https:\/\/radiostudiow.com.br\/site\/wp-json\/wp\/v2\/users\/2"}],"replies":[{"embeddable":true,"href":"https:\/\/radiostudiow.com.br\/site\/wp-json\/wp\/v2\/comments?post=19377"}],"version-history":[{"count":3,"href":"https:\/\/radiostudiow.com.br\/site\/wp-json\/wp\/v2\/posts\/19377\/revisions"}],"predecessor-version":[{"id":19380,"href":"https:\/\/radiostudiow.com.br\/site\/wp-json\/wp\/v2\/posts\/19377\/revisions\/19380"}],"wp:featuredmedia":[{"embeddable":true,"href":"https:\/\/radiostudiow.com.br\/site\/wp-json\/wp\/v2\/media\/10652"}],"wp:attachment":[{"href":"https:\/\/radiostudiow.com.br\/site\/wp-json\/wp\/v2\/media?parent=19377"}],"wp:term":[{"taxonomy":"category","embeddable":true,"href":"https:\/\/radiostudiow.com.br\/site\/wp-json\/wp\/v2\/categories?post=19377"},{"taxonomy":"post_tag","embeddable":true,"href":"https:\/\/radiostudiow.com.br\/site\/wp-json\/wp\/v2\/tags?post=19377"}],"curies":[{"name":"wp","href":"https:\/\/api.w.org\/{rel}","templated":true}]}}