{"id":19381,"date":"2024-01-30T16:28:45","date_gmt":"2024-01-30T19:28:45","guid":{"rendered":"https:\/\/radiostudiow.com.br\/site\/?p=19381"},"modified":"2025-01-31T15:02:15","modified_gmt":"2025-01-31T18:02:15","slug":"briga-em-familia-termina-no-pelotao-da-policia-militar-de-antonio-olinto","status":"publish","type":"post","link":"https:\/\/radiostudiow.com.br\/site\/2024\/01\/30\/briga-em-familia-termina-no-pelotao-da-policia-militar-de-antonio-olinto\/","title":{"rendered":"Briga em fam\u00edlia termina no Pelot\u00e3o da Pol\u00edcia Militar de Ant\u00f4nio Olinto"},"content":{"rendered":"\n<figure class=\"wp-block-image size-full\"><img decoding=\"async\" src=\"https:\/\/radiostudiow.com.br\/site\/wp-content\/uploads\/2024\/01\/SITE-GRANDE5.png\" alt=\"\" class=\"wp-image-18704\"\/><\/figure>\n\n\n\n<p>Um homem compareceu ao Pelot\u00e3o da Pol\u00edcia Militar de Ant\u00f4nio Olinto relatando que estava trabalhando em sua estufa de carv\u00e3o, na localidade de Santos Andrade, quando visualizou sua mulher discutindo com sua sogra na manh\u00e3 de segunda-feira (29).<\/p>\n\n\n\n<p>De acordo com o solicitante, quando ele foi intervir na situa\u00e7\u00e3o, seu cunhado partiu para cima de sua mulher e ela estava com sua filha. O seu cunhado tentou agredi-la com um pade\u00e7o de madeira e utilizando de palavras ofensivas assim como realizando amea\u00e7as que iria mat\u00e1-la.<\/p>\n\n\n\n<figure class=\"wp-block-image size-full\"><img loading=\"lazy\" decoding=\"async\" width=\"598\" height=\"204\" src=\"https:\/\/radiostudiow.com.br\/site\/wp-content\/uploads\/2024\/01\/SITE-MEDIO.png\" alt=\"\" class=\"wp-image-18916\" srcset=\"https:\/\/radiostudiow.com.br\/site\/wp-content\/uploads\/2024\/01\/SITE-MEDIO.png 598w, https:\/\/radiostudiow.com.br\/site\/wp-content\/uploads\/2024\/01\/SITE-MEDIO-300x102.png 300w\" sizes=\"auto, (max-width: 598px) 100vw, 598px\" \/><\/figure>\n\n\n\n<p>Diante da situa\u00e7\u00e3o, o solicitante entrou em vias de fato com seu cunhado e informou tamb\u00e9m que foi agredido pela sua sogra, e a agress\u00e3o s\u00f3 parou quando seus funcion\u00e1rios intervieram.<\/p>\n\n\n\n<p>Diante dos fatos a v\u00edtima foi orientada quanto as medidas a serem tomadas.<\/p>\n","protected":false},"excerpt":{"rendered":"<p>Um homem compareceu ao Pelot\u00e3o da Pol\u00edcia Militar de Ant\u00f4nio Olinto relatando que estava trabalhando em sua estufa de carv\u00e3o, na localidade de Santos Andrade, quando visualizou sua mulher discutindo com sua sogra na manh\u00e3 de segunda-feira (29). De acordo com o solicitante, quando ele foi intervir na situa\u00e7\u00e3o, seu cunhado partiu para cima de [&hellip;]<\/p>\n","protected":false},"author":2,"featured_media":7904,"comment_status":"open","ping_status":"open","sticky":false,"template":"","format":"standard","meta":{"footnotes":""},"categories":[2],"tags":[172],"class_list":["post-19381","post","type-post","status-publish","format-standard","has-post-thumbnail","hentry","category-policial","tag-featured"],"amp_enabled":true,"_links":{"self":[{"href":"https:\/\/radiostudiow.com.br\/site\/wp-json\/wp\/v2\/posts\/19381","targetHints":{"allow":["GET"]}}],"collection":[{"href":"https:\/\/radiostudiow.com.br\/site\/wp-json\/wp\/v2\/posts"}],"about":[{"href":"https:\/\/radiostudiow.com.br\/site\/wp-json\/wp\/v2\/types\/post"}],"author":[{"embeddable":true,"href":"https:\/\/radiostudiow.com.br\/site\/wp-json\/wp\/v2\/users\/2"}],"replies":[{"embeddable":true,"href":"https:\/\/radiostudiow.com.br\/site\/wp-json\/wp\/v2\/comments?post=19381"}],"version-history":[{"count":3,"href":"https:\/\/radiostudiow.com.br\/site\/wp-json\/wp\/v2\/posts\/19381\/revisions"}],"predecessor-version":[{"id":19387,"href":"https:\/\/radiostudiow.com.br\/site\/wp-json\/wp\/v2\/posts\/19381\/revisions\/19387"}],"wp:featuredmedia":[{"embeddable":true,"href":"https:\/\/radiostudiow.com.br\/site\/wp-json\/wp\/v2\/media\/7904"}],"wp:attachment":[{"href":"https:\/\/radiostudiow.com.br\/site\/wp-json\/wp\/v2\/media?parent=19381"}],"wp:term":[{"taxonomy":"category","embeddable":true,"href":"https:\/\/radiostudiow.com.br\/site\/wp-json\/wp\/v2\/categories?post=19381"},{"taxonomy":"post_tag","embeddable":true,"href":"https:\/\/radiostudiow.com.br\/site\/wp-json\/wp\/v2\/tags?post=19381"}],"curies":[{"name":"wp","href":"https:\/\/api.w.org\/{rel}","templated":true}]}}