{"id":19399,"date":"2024-01-31T09:53:29","date_gmt":"2024-01-31T12:53:29","guid":{"rendered":"https:\/\/radiostudiow.com.br\/site\/?p=19399"},"modified":"2025-01-31T15:02:15","modified_gmt":"2025-01-31T18:02:15","slug":"homem-e-preso-e-arma-falsa-apreendida-apos-ameaca-em-uniao-da-vitoria","status":"publish","type":"post","link":"https:\/\/radiostudiow.com.br\/site\/2024\/01\/31\/homem-e-preso-e-arma-falsa-apreendida-apos-ameaca-em-uniao-da-vitoria\/","title":{"rendered":"Homem \u00e9 preso e arma falsa apreendida ap\u00f3s amea\u00e7a em Uni\u00e3o da Vit\u00f3ria"},"content":{"rendered":"\n<figure class=\"wp-block-image size-full\"><img decoding=\"async\" src=\"https:\/\/radiostudiow.com.br\/site\/wp-content\/uploads\/2024\/01\/SITE-GRANDE2.png\" alt=\"\" class=\"wp-image-18938\"\/><\/figure>\n\n\n\n<p>A equipe da Pol\u00edcia Militar de Uni\u00e3o da Vit\u00f3ria esteve mobilizada no atendimento de uma ocorr\u00eancia de amea\u00e7a registrada em um apartamento na \u00e1rea central da cidade por volta das 19:50 horas durante a noite dessa ter\u00e7a-feira (30).<\/p>\n\n\n\n<p>De acordo com informa\u00e7\u00f5es, a v\u00edtima relatou que dois homens foram at\u00e9 seu apartamento armados e tentaram invadir o local. A dupla n\u00e3o conseguiu concluir a a\u00e7\u00e3o e da parte externa passaram a gritar que queria pegar a v\u00edtima.<\/p>\n\n\n\n<figure class=\"wp-block-image size-full\"><img decoding=\"async\" src=\"https:\/\/radiostudiow.com.br\/site\/wp-content\/uploads\/2024\/01\/SITE-GRANDE5.png\" alt=\"\" class=\"wp-image-18704\"\/><\/figure>\n\n\n\n<p>A Pol\u00edcia apurou informa\u00e7\u00f5es de que os suspeitos estavam em um apartamento ao lado e ao verificar encontraram a porta entreaberta, prosseguindo com a abordagem.<\/p>\n\n\n\n<p>Neste apartamento, somente um dos suspeitos foi encontrado, o qual estava de posse de uma arma de fogo falsa e de 6,7 gramas de maconha. Ele foi detido e conduzido para a delegacia.<\/p>\n\n\n\n<p><a href=\"https:\/\/canal4.tv.br\/wp-content\/uploads\/2024\/01\/nnhhik.jpg\"><\/a><\/p>\n","protected":false},"excerpt":{"rendered":"<p>A equipe da Pol\u00edcia Militar de Uni\u00e3o da Vit\u00f3ria esteve mobilizada no atendimento de uma ocorr\u00eancia de amea\u00e7a registrada em um apartamento na \u00e1rea central da cidade por volta das 19:50 horas durante a noite dessa ter\u00e7a-feira (30). De acordo com informa\u00e7\u00f5es, a v\u00edtima relatou que dois homens foram at\u00e9 seu apartamento armados e tentaram [&hellip;]<\/p>\n","protected":false},"author":2,"featured_media":19400,"comment_status":"open","ping_status":"open","sticky":false,"template":"","format":"standard","meta":{"footnotes":""},"categories":[2],"tags":[172],"class_list":["post-19399","post","type-post","status-publish","format-standard","has-post-thumbnail","hentry","category-policial","tag-featured"],"amp_enabled":true,"_links":{"self":[{"href":"https:\/\/radiostudiow.com.br\/site\/wp-json\/wp\/v2\/posts\/19399","targetHints":{"allow":["GET"]}}],"collection":[{"href":"https:\/\/radiostudiow.com.br\/site\/wp-json\/wp\/v2\/posts"}],"about":[{"href":"https:\/\/radiostudiow.com.br\/site\/wp-json\/wp\/v2\/types\/post"}],"author":[{"embeddable":true,"href":"https:\/\/radiostudiow.com.br\/site\/wp-json\/wp\/v2\/users\/2"}],"replies":[{"embeddable":true,"href":"https:\/\/radiostudiow.com.br\/site\/wp-json\/wp\/v2\/comments?post=19399"}],"version-history":[{"count":2,"href":"https:\/\/radiostudiow.com.br\/site\/wp-json\/wp\/v2\/posts\/19399\/revisions"}],"predecessor-version":[{"id":19406,"href":"https:\/\/radiostudiow.com.br\/site\/wp-json\/wp\/v2\/posts\/19399\/revisions\/19406"}],"wp:featuredmedia":[{"embeddable":true,"href":"https:\/\/radiostudiow.com.br\/site\/wp-json\/wp\/v2\/media\/19400"}],"wp:attachment":[{"href":"https:\/\/radiostudiow.com.br\/site\/wp-json\/wp\/v2\/media?parent=19399"}],"wp:term":[{"taxonomy":"category","embeddable":true,"href":"https:\/\/radiostudiow.com.br\/site\/wp-json\/wp\/v2\/categories?post=19399"},{"taxonomy":"post_tag","embeddable":true,"href":"https:\/\/radiostudiow.com.br\/site\/wp-json\/wp\/v2\/tags?post=19399"}],"curies":[{"name":"wp","href":"https:\/\/api.w.org\/{rel}","templated":true}]}}