{"id":19402,"date":"2024-01-31T10:02:00","date_gmt":"2024-01-31T13:02:00","guid":{"rendered":"https:\/\/radiostudiow.com.br\/site\/?p=19402"},"modified":"2025-01-31T15:02:15","modified_gmt":"2025-01-31T18:02:15","slug":"pai-atira-acidentalmente-no-proprio-filho-em-porto-uniao","status":"publish","type":"post","link":"https:\/\/radiostudiow.com.br\/site\/2024\/01\/31\/pai-atira-acidentalmente-no-proprio-filho-em-porto-uniao\/","title":{"rendered":"Pai atira acidentalmente no pr\u00f3prio filho em Porto Uni\u00e3o"},"content":{"rendered":"\n<p>A equipe da Pol\u00edcia Militar de Porto Uni\u00e3o foi acionada para atender uma situa\u00e7\u00e3o de disparo de arma de fogo que aconteceu por volta das 22:45 horas dessa segunda-feira, 29 de janeiro, no Distrito de Santa Cruz do Timb\u00f3.<\/p>\n\n\n\n<figure class=\"wp-block-image size-full\"><img loading=\"lazy\" decoding=\"async\" width=\"598\" height=\"204\" src=\"https:\/\/radiostudiow.com.br\/site\/wp-content\/uploads\/2023\/12\/SITE-MEDIO4.png\" alt=\"\" class=\"wp-image-17598\" srcset=\"https:\/\/radiostudiow.com.br\/site\/wp-content\/uploads\/2023\/12\/SITE-MEDIO4.png 598w, https:\/\/radiostudiow.com.br\/site\/wp-content\/uploads\/2023\/12\/SITE-MEDIO4-300x102.png 300w\" sizes=\"auto, (max-width: 598px) 100vw, 598px\" \/><\/figure>\n\n\n\n<p>De acordo com informa\u00e7\u00f5es, o pai acabou atirando acidentalmente contra o pr\u00f3prio filho. Eles estavam na propriedade quando perceberam a presen\u00e7a de um carro suspeito.<\/p>\n\n\n\n<p>Eles verificaram a situa\u00e7\u00e3o e retornaram para a casa, sendo que o pai ao soltar a arma acabou batendo na parede e disparando acidentalmente.<\/p>\n\n\n\n<p>O tiro atingiu a perna direita do rapaz que foi conduzido pelo pr\u00f3prio pai at\u00e9 o hospital S\u00e3o Braz para receber atendimento m\u00e9dico. A Pol\u00edcia esteve no local e levou o pai conduzido para a delegacia.<\/p>\n\n\n\n<figure class=\"wp-block-image size-full\"><img decoding=\"async\" src=\"https:\/\/radiostudiow.com.br\/site\/wp-content\/uploads\/2024\/01\/SITE-GRANDE5.png\" alt=\"\" class=\"wp-image-18704\"\/><\/figure>\n\n\n\n<p>A arma se tratava de um rifle calibre 22 da marca Bravete que foi apreendida juntamente com 11 muni\u00e7\u00f5es intactas e uma deflagrada.<\/p>\n","protected":false},"excerpt":{"rendered":"<p>A equipe da Pol\u00edcia Militar de Porto Uni\u00e3o foi acionada para atender uma situa\u00e7\u00e3o de disparo de arma de fogo que aconteceu por volta das 22:45 horas dessa segunda-feira, 29 de janeiro, no Distrito de Santa Cruz do Timb\u00f3. De acordo com informa\u00e7\u00f5es, o pai acabou atirando acidentalmente contra o pr\u00f3prio filho. Eles estavam na [&hellip;]<\/p>\n","protected":false},"author":2,"featured_media":10905,"comment_status":"open","ping_status":"open","sticky":false,"template":"","format":"standard","meta":{"footnotes":""},"categories":[2],"tags":[172],"class_list":["post-19402","post","type-post","status-publish","format-standard","has-post-thumbnail","hentry","category-policial","tag-featured"],"amp_enabled":true,"_links":{"self":[{"href":"https:\/\/radiostudiow.com.br\/site\/wp-json\/wp\/v2\/posts\/19402","targetHints":{"allow":["GET"]}}],"collection":[{"href":"https:\/\/radiostudiow.com.br\/site\/wp-json\/wp\/v2\/posts"}],"about":[{"href":"https:\/\/radiostudiow.com.br\/site\/wp-json\/wp\/v2\/types\/post"}],"author":[{"embeddable":true,"href":"https:\/\/radiostudiow.com.br\/site\/wp-json\/wp\/v2\/users\/2"}],"replies":[{"embeddable":true,"href":"https:\/\/radiostudiow.com.br\/site\/wp-json\/wp\/v2\/comments?post=19402"}],"version-history":[{"count":2,"href":"https:\/\/radiostudiow.com.br\/site\/wp-json\/wp\/v2\/posts\/19402\/revisions"}],"predecessor-version":[{"id":19407,"href":"https:\/\/radiostudiow.com.br\/site\/wp-json\/wp\/v2\/posts\/19402\/revisions\/19407"}],"wp:featuredmedia":[{"embeddable":true,"href":"https:\/\/radiostudiow.com.br\/site\/wp-json\/wp\/v2\/media\/10905"}],"wp:attachment":[{"href":"https:\/\/radiostudiow.com.br\/site\/wp-json\/wp\/v2\/media?parent=19402"}],"wp:term":[{"taxonomy":"category","embeddable":true,"href":"https:\/\/radiostudiow.com.br\/site\/wp-json\/wp\/v2\/categories?post=19402"},{"taxonomy":"post_tag","embeddable":true,"href":"https:\/\/radiostudiow.com.br\/site\/wp-json\/wp\/v2\/tags?post=19402"}],"curies":[{"name":"wp","href":"https:\/\/api.w.org\/{rel}","templated":true}]}}