{"id":19404,"date":"2024-01-31T10:18:26","date_gmt":"2024-01-31T13:18:26","guid":{"rendered":"https:\/\/radiostudiow.com.br\/site\/?p=19404"},"modified":"2025-01-31T15:02:15","modified_gmt":"2025-01-31T18:02:15","slug":"homem-e-preso-apos-alegar-ser-de-faccao-criminosa-e-ameacar-comerciante-em-uniao-da-vitoria","status":"publish","type":"post","link":"https:\/\/radiostudiow.com.br\/site\/2024\/01\/31\/homem-e-preso-apos-alegar-ser-de-faccao-criminosa-e-ameacar-comerciante-em-uniao-da-vitoria\/","title":{"rendered":"Homem \u00e9 preso ap\u00f3s alegar ser de fac\u00e7\u00e3o criminosa e amea\u00e7ar comerciante em Uni\u00e3o da Vit\u00f3ria"},"content":{"rendered":"\n<figure class=\"wp-block-image size-full\"><img decoding=\"async\" src=\"https:\/\/radiostudiow.com.br\/site\/wp-content\/uploads\/2024\/01\/SITE-GRANDE4.png\" alt=\"\" class=\"wp-image-18920\"\/><\/figure>\n\n\n\n<p>Um comerciante de Uni\u00e3o da Vit\u00f3ria procurou a Pol\u00edcia Militar ap\u00f3s ser amea\u00e7ado por um homem que alegou ser de uma fac\u00e7\u00e3o criminosa durante a noite dessa segunda-feira, 29 de janeiro, no bairro Ponte Nova.<\/p>\n\n\n\n<p>O solicitante relatou que teria evitado um furto em data anterior e o homem revoltado foi at\u00e9 seu com\u00e9rcio proferir amea\u00e7as e tentou arremessar pedras. O autor falou da fac\u00e7\u00e3o e disse que mataria o comerciante porque evitou o furto e devido a uma suposta d\u00edvida.<\/p>\n\n\n\n<figure class=\"wp-block-image size-full\"><img decoding=\"async\" src=\"https:\/\/radiostudiow.com.br\/site\/wp-content\/uploads\/2024\/01\/SITE-GRANDE5.png\" alt=\"\" class=\"wp-image-18704\"\/><\/figure>\n\n\n\n<p>A equipe policial coletou informa\u00e7\u00f5es e realizou buscas, localizado o suspeito que foi abordado. Ele resistiu a pris\u00e3o, por\u00e9m, foi contido e detido, sendo conduzido at\u00e9 a delegacia para provid\u00eancias.<\/p>\n","protected":false},"excerpt":{"rendered":"<p>Um comerciante de Uni\u00e3o da Vit\u00f3ria procurou a Pol\u00edcia Militar ap\u00f3s ser amea\u00e7ado por um homem que alegou ser de uma fac\u00e7\u00e3o criminosa durante a noite dessa segunda-feira, 29 de janeiro, no bairro Ponte Nova. O solicitante relatou que teria evitado um furto em data anterior e o homem revoltado foi at\u00e9 seu com\u00e9rcio proferir [&hellip;]<\/p>\n","protected":false},"author":2,"featured_media":14208,"comment_status":"open","ping_status":"open","sticky":false,"template":"","format":"standard","meta":{"footnotes":""},"categories":[2],"tags":[172],"class_list":["post-19404","post","type-post","status-publish","format-standard","has-post-thumbnail","hentry","category-policial","tag-featured"],"amp_enabled":true,"_links":{"self":[{"href":"https:\/\/radiostudiow.com.br\/site\/wp-json\/wp\/v2\/posts\/19404","targetHints":{"allow":["GET"]}}],"collection":[{"href":"https:\/\/radiostudiow.com.br\/site\/wp-json\/wp\/v2\/posts"}],"about":[{"href":"https:\/\/radiostudiow.com.br\/site\/wp-json\/wp\/v2\/types\/post"}],"author":[{"embeddable":true,"href":"https:\/\/radiostudiow.com.br\/site\/wp-json\/wp\/v2\/users\/2"}],"replies":[{"embeddable":true,"href":"https:\/\/radiostudiow.com.br\/site\/wp-json\/wp\/v2\/comments?post=19404"}],"version-history":[{"count":2,"href":"https:\/\/radiostudiow.com.br\/site\/wp-json\/wp\/v2\/posts\/19404\/revisions"}],"predecessor-version":[{"id":19408,"href":"https:\/\/radiostudiow.com.br\/site\/wp-json\/wp\/v2\/posts\/19404\/revisions\/19408"}],"wp:featuredmedia":[{"embeddable":true,"href":"https:\/\/radiostudiow.com.br\/site\/wp-json\/wp\/v2\/media\/14208"}],"wp:attachment":[{"href":"https:\/\/radiostudiow.com.br\/site\/wp-json\/wp\/v2\/media?parent=19404"}],"wp:term":[{"taxonomy":"category","embeddable":true,"href":"https:\/\/radiostudiow.com.br\/site\/wp-json\/wp\/v2\/categories?post=19404"},{"taxonomy":"post_tag","embeddable":true,"href":"https:\/\/radiostudiow.com.br\/site\/wp-json\/wp\/v2\/tags?post=19404"}],"curies":[{"name":"wp","href":"https:\/\/api.w.org\/{rel}","templated":true}]}}