{"id":19415,"date":"2024-01-31T21:07:31","date_gmt":"2024-02-01T00:07:31","guid":{"rendered":"https:\/\/radiostudiow.com.br\/site\/?p=19415"},"modified":"2025-01-31T15:02:15","modified_gmt":"2025-01-31T18:02:15","slug":"mae-procura-pm-de-antonio-olinto-apos-discussao-e-ameaca-da-filha","status":"publish","type":"post","link":"https:\/\/radiostudiow.com.br\/site\/2024\/01\/31\/mae-procura-pm-de-antonio-olinto-apos-discussao-e-ameaca-da-filha\/","title":{"rendered":"M\u00e3e procura PM de Ant\u00f4nio Olinto ap\u00f3s discuss\u00e3o e amea\u00e7a da filha"},"content":{"rendered":"\n<p>A equipe da Pol\u00edcia Militar de Ant\u00f4nio Olinto registrou um caso de amea\u00e7a por volta das 19:15 horas dessa ter\u00e7a-feira, 30 de janeiro, no bairro Vila S\u00e3o Jos\u00e9.<\/p>\n\n\n\n<p>Uma mulher compareceu ao Pelot\u00e3o da Pol\u00edcia Militar relatando que por volta das 17:00 horas foi at\u00e9 a resid\u00eancia de sua filha e ambas acabaram discutindo. Informa que no local, havia mais pessoas, sendo algumas mulheres e um homem n\u00e3o identificado e uma crian\u00e7a de colo.<\/p>\n\n\n\n<p>A solicitante ainda relatou que foi amea\u00e7ada por uma das mulheres e que sua filha ficava a todo momento incentivando a autora a agredi-la. A discuss\u00e3o aconteceu por motivos familiares ocorrido um dia antes.<\/p>\n\n\n\n<p>Diante dos relatos a equipe policial orientou a v\u00edtima quanto aos procedimentos cab\u00edveis.<\/p>\n","protected":false},"excerpt":{"rendered":"<p>A equipe da Pol\u00edcia Militar de Ant\u00f4nio Olinto registrou um caso de amea\u00e7a por volta das 19:15 horas dessa ter\u00e7a-feira, 30 de janeiro, no bairro Vila S\u00e3o Jos\u00e9. Uma mulher compareceu ao Pelot\u00e3o da Pol\u00edcia Militar relatando que por volta das 17:00 horas foi at\u00e9 a resid\u00eancia de sua filha e ambas acabaram discutindo. Informa [&hellip;]<\/p>\n","protected":false},"author":2,"featured_media":17774,"comment_status":"open","ping_status":"open","sticky":false,"template":"","format":"standard","meta":{"footnotes":""},"categories":[2],"tags":[172],"class_list":["post-19415","post","type-post","status-publish","format-standard","has-post-thumbnail","hentry","category-policial","tag-featured"],"amp_enabled":true,"_links":{"self":[{"href":"https:\/\/radiostudiow.com.br\/site\/wp-json\/wp\/v2\/posts\/19415","targetHints":{"allow":["GET"]}}],"collection":[{"href":"https:\/\/radiostudiow.com.br\/site\/wp-json\/wp\/v2\/posts"}],"about":[{"href":"https:\/\/radiostudiow.com.br\/site\/wp-json\/wp\/v2\/types\/post"}],"author":[{"embeddable":true,"href":"https:\/\/radiostudiow.com.br\/site\/wp-json\/wp\/v2\/users\/2"}],"replies":[{"embeddable":true,"href":"https:\/\/radiostudiow.com.br\/site\/wp-json\/wp\/v2\/comments?post=19415"}],"version-history":[{"count":3,"href":"https:\/\/radiostudiow.com.br\/site\/wp-json\/wp\/v2\/posts\/19415\/revisions"}],"predecessor-version":[{"id":19442,"href":"https:\/\/radiostudiow.com.br\/site\/wp-json\/wp\/v2\/posts\/19415\/revisions\/19442"}],"wp:featuredmedia":[{"embeddable":true,"href":"https:\/\/radiostudiow.com.br\/site\/wp-json\/wp\/v2\/media\/17774"}],"wp:attachment":[{"href":"https:\/\/radiostudiow.com.br\/site\/wp-json\/wp\/v2\/media?parent=19415"}],"wp:term":[{"taxonomy":"category","embeddable":true,"href":"https:\/\/radiostudiow.com.br\/site\/wp-json\/wp\/v2\/categories?post=19415"},{"taxonomy":"post_tag","embeddable":true,"href":"https:\/\/radiostudiow.com.br\/site\/wp-json\/wp\/v2\/tags?post=19415"}],"curies":[{"name":"wp","href":"https:\/\/api.w.org\/{rel}","templated":true}]}}