{"id":19417,"date":"2024-01-31T11:55:14","date_gmt":"2024-01-31T14:55:14","guid":{"rendered":"https:\/\/radiostudiow.com.br\/site\/?p=19417"},"modified":"2025-01-31T15:02:15","modified_gmt":"2025-01-31T18:02:15","slug":"homem-e-preso-apos-policia-militar-de-uniao-da-vitoria-encontrar-cocaina-em-carro","status":"publish","type":"post","link":"https:\/\/radiostudiow.com.br\/site\/2024\/01\/31\/homem-e-preso-apos-policia-militar-de-uniao-da-vitoria-encontrar-cocaina-em-carro\/","title":{"rendered":"Homem \u00e9 preso ap\u00f3s Pol\u00edcia Militar de Uni\u00e3o da Vit\u00f3ria encontrar coca\u00edna em carro"},"content":{"rendered":"\n<p>A equipe da ROCAM da Pol\u00edcia Militar de Uni\u00e3o da Vit\u00f3ria realizava patrulhamento quando visualizou um ve\u00edculo, onde o condutor ao perceber a aproxima\u00e7\u00e3o da equipe policial efetuou uma manobra brusca.<\/p>\n\n\n\n<figure class=\"wp-block-image size-full\"><img decoding=\"async\" src=\"https:\/\/radiostudiow.com.br\/site\/wp-content\/uploads\/2024\/01\/SITE-GRANDE.png\" alt=\"\" class=\"wp-image-18949\"\/><\/figure>\n\n\n\n<p>Diante a suspeita, a equipe policial deu voz de parada e o condutor do ve\u00edculo acatou a abordagem. A situa\u00e7\u00e3o ocorreu por volta das 18:50 horas dessa ter\u00e7a-feira, 30 de janeiro, na localidade da Cidade Jardim.<\/p>\n\n\n\n<p>Foi feita a busca pessoal, nada de il\u00edcito foi encontrado, no entanto, durante a busca veicular foi encontrado um inv\u00f3lucro branco contendo uma quantidade de 1,6g de subst\u00e2ncia an\u00e1loga \u00e0 coca\u00edna.<\/p>\n\n\n\n<figure class=\"wp-block-image size-full\"><img decoding=\"async\" src=\"https:\/\/radiostudiow.com.br\/site\/wp-content\/uploads\/2024\/01\/SITE-GRANDE5.png\" alt=\"\" class=\"wp-image-18704\"\/><\/figure>\n\n\n\n<p>Diante dos fatos, o abordado foi conduzido at\u00e9 a sede do 27\u00ba BPM para a confec\u00e7\u00e3o do termo circunstanciado.<\/p>\n","protected":false},"excerpt":{"rendered":"<p>A equipe da ROCAM da Pol\u00edcia Militar de Uni\u00e3o da Vit\u00f3ria realizava patrulhamento quando visualizou um ve\u00edculo, onde o condutor ao perceber a aproxima\u00e7\u00e3o da equipe policial efetuou uma manobra brusca. Diante a suspeita, a equipe policial deu voz de parada e o condutor do ve\u00edculo acatou a abordagem. A situa\u00e7\u00e3o ocorreu por volta das [&hellip;]<\/p>\n","protected":false},"author":2,"featured_media":19419,"comment_status":"open","ping_status":"open","sticky":false,"template":"","format":"standard","meta":{"footnotes":""},"categories":[2],"tags":[172],"class_list":["post-19417","post","type-post","status-publish","format-standard","has-post-thumbnail","hentry","category-policial","tag-featured"],"amp_enabled":true,"_links":{"self":[{"href":"https:\/\/radiostudiow.com.br\/site\/wp-json\/wp\/v2\/posts\/19417","targetHints":{"allow":["GET"]}}],"collection":[{"href":"https:\/\/radiostudiow.com.br\/site\/wp-json\/wp\/v2\/posts"}],"about":[{"href":"https:\/\/radiostudiow.com.br\/site\/wp-json\/wp\/v2\/types\/post"}],"author":[{"embeddable":true,"href":"https:\/\/radiostudiow.com.br\/site\/wp-json\/wp\/v2\/users\/2"}],"replies":[{"embeddable":true,"href":"https:\/\/radiostudiow.com.br\/site\/wp-json\/wp\/v2\/comments?post=19417"}],"version-history":[{"count":3,"href":"https:\/\/radiostudiow.com.br\/site\/wp-json\/wp\/v2\/posts\/19417\/revisions"}],"predecessor-version":[{"id":19428,"href":"https:\/\/radiostudiow.com.br\/site\/wp-json\/wp\/v2\/posts\/19417\/revisions\/19428"}],"wp:featuredmedia":[{"embeddable":true,"href":"https:\/\/radiostudiow.com.br\/site\/wp-json\/wp\/v2\/media\/19419"}],"wp:attachment":[{"href":"https:\/\/radiostudiow.com.br\/site\/wp-json\/wp\/v2\/media?parent=19417"}],"wp:term":[{"taxonomy":"category","embeddable":true,"href":"https:\/\/radiostudiow.com.br\/site\/wp-json\/wp\/v2\/categories?post=19417"},{"taxonomy":"post_tag","embeddable":true,"href":"https:\/\/radiostudiow.com.br\/site\/wp-json\/wp\/v2\/tags?post=19417"}],"curies":[{"name":"wp","href":"https:\/\/api.w.org\/{rel}","templated":true}]}}