{"id":19430,"date":"2024-01-31T12:11:27","date_gmt":"2024-01-31T15:11:27","guid":{"rendered":"https:\/\/radiostudiow.com.br\/site\/?p=19430"},"modified":"2025-01-31T15:02:15","modified_gmt":"2025-01-31T18:02:15","slug":"mulher-perde-controle-da-direcao-e-atinge-farmacia-em-irati","status":"publish","type":"post","link":"https:\/\/radiostudiow.com.br\/site\/2024\/01\/31\/mulher-perde-controle-da-direcao-e-atinge-farmacia-em-irati\/","title":{"rendered":"Mulher perde controle da dire\u00e7\u00e3o e atinge farm\u00e1cia em Irati"},"content":{"rendered":"\n<p>A equipe da Pol\u00edcia Militar de Irati se deslocou at\u00e9 um estabelecimento na \u00e1rea central, onde ocorreu um acidente de transito na manh\u00e3 de ter\u00e7a-feira (30).<\/p>\n\n\n\n<figure class=\"wp-block-image size-full\"><img loading=\"lazy\" decoding=\"async\" width=\"897\" height=\"204\" src=\"https:\/\/radiostudiow.com.br\/site\/wp-content\/uploads\/2024\/01\/SITE-GRANDE3.png\" alt=\"zaions\" class=\"wp-image-18936\" srcset=\"https:\/\/radiostudiow.com.br\/site\/wp-content\/uploads\/2024\/01\/SITE-GRANDE3.png 897w, https:\/\/radiostudiow.com.br\/site\/wp-content\/uploads\/2024\/01\/SITE-GRANDE3-300x68.png 300w, https:\/\/radiostudiow.com.br\/site\/wp-content\/uploads\/2024\/01\/SITE-GRANDE3-768x175.png 768w\" sizes=\"auto, (max-width: 897px) 100vw, 897px\" \/><\/figure>\n\n\n\n<p>No local, a condutora de um ve\u00edculo Citroen, relatou aos policiais que ao estacionar seu ve\u00edculo no estacionamento de uma farm\u00e1cia veio a perder o controle e colidiu contra a porta e a lateral de vidro do estabelecimento, causando danos no im\u00f3vel e no seu ve\u00edculo.<\/p>\n\n\n\n<p>Diante dos fatos foi elaborado o boletim de ocorr\u00eancia e a condutora ficou respons\u00e1vel por retirar o ve\u00edculo do local. N\u00e3o houve v\u00edtimas.<\/p>\n\n\n\n<figure class=\"wp-block-image size-full\"><img decoding=\"async\" src=\"https:\/\/radiostudiow.com.br\/site\/wp-content\/uploads\/2024\/01\/SITE-GRANDE5.png\" alt=\"\" class=\"wp-image-18704\"\/><\/figure>\n\n\n\n<p><em>Fonte: Folha Irati\/8\u00aa CIPM<\/em><\/p>\n","protected":false},"excerpt":{"rendered":"<p>A equipe da Pol\u00edcia Militar de Irati se deslocou at\u00e9 um estabelecimento na \u00e1rea central, onde ocorreu um acidente de transito na manh\u00e3 de ter\u00e7a-feira (30). No local, a condutora de um ve\u00edculo Citroen, relatou aos policiais que ao estacionar seu ve\u00edculo no estacionamento de uma farm\u00e1cia veio a perder o controle e colidiu contra [&hellip;]<\/p>\n","protected":false},"author":2,"featured_media":19431,"comment_status":"open","ping_status":"open","sticky":false,"template":"","format":"standard","meta":{"footnotes":""},"categories":[2],"tags":[172],"class_list":["post-19430","post","type-post","status-publish","format-standard","has-post-thumbnail","hentry","category-policial","tag-featured"],"amp_enabled":true,"_links":{"self":[{"href":"https:\/\/radiostudiow.com.br\/site\/wp-json\/wp\/v2\/posts\/19430","targetHints":{"allow":["GET"]}}],"collection":[{"href":"https:\/\/radiostudiow.com.br\/site\/wp-json\/wp\/v2\/posts"}],"about":[{"href":"https:\/\/radiostudiow.com.br\/site\/wp-json\/wp\/v2\/types\/post"}],"author":[{"embeddable":true,"href":"https:\/\/radiostudiow.com.br\/site\/wp-json\/wp\/v2\/users\/2"}],"replies":[{"embeddable":true,"href":"https:\/\/radiostudiow.com.br\/site\/wp-json\/wp\/v2\/comments?post=19430"}],"version-history":[{"count":2,"href":"https:\/\/radiostudiow.com.br\/site\/wp-json\/wp\/v2\/posts\/19430\/revisions"}],"predecessor-version":[{"id":19433,"href":"https:\/\/radiostudiow.com.br\/site\/wp-json\/wp\/v2\/posts\/19430\/revisions\/19433"}],"wp:featuredmedia":[{"embeddable":true,"href":"https:\/\/radiostudiow.com.br\/site\/wp-json\/wp\/v2\/media\/19431"}],"wp:attachment":[{"href":"https:\/\/radiostudiow.com.br\/site\/wp-json\/wp\/v2\/media?parent=19430"}],"wp:term":[{"taxonomy":"category","embeddable":true,"href":"https:\/\/radiostudiow.com.br\/site\/wp-json\/wp\/v2\/categories?post=19430"},{"taxonomy":"post_tag","embeddable":true,"href":"https:\/\/radiostudiow.com.br\/site\/wp-json\/wp\/v2\/tags?post=19430"}],"curies":[{"name":"wp","href":"https:\/\/api.w.org\/{rel}","templated":true}]}}