{"id":19434,"date":"2024-01-31T19:38:48","date_gmt":"2024-01-31T22:38:48","guid":{"rendered":"https:\/\/radiostudiow.com.br\/site\/?p=19434"},"modified":"2025-01-31T15:02:15","modified_gmt":"2025-01-31T18:02:15","slug":"menina-que-estava-desaparecida-em-cascavel-e-encontrada-em-minas-gerais","status":"publish","type":"post","link":"https:\/\/radiostudiow.com.br\/site\/2024\/01\/31\/menina-que-estava-desaparecida-em-cascavel-e-encontrada-em-minas-gerais\/","title":{"rendered":"Menina que estava desaparecida em Cascavel \u00e9 encontrada em Minas Gerais"},"content":{"rendered":"\n<p>A Pol\u00edcia Civil do Paran\u00e1 (PCPR) localizou a menina \u00c1gatha Saraiva, de 3 anos, que estava desaparecida desde o dia 11 de janeiro, quando foi tirada da fam\u00edlia acolhedora com quem vivia em Cascavel, no Oeste do Estado.<\/p>\n\n\n\n<figure class=\"wp-block-image size-full\"><img decoding=\"async\" src=\"https:\/\/radiostudiow.com.br\/site\/wp-content\/uploads\/2024\/01\/SITE-GRANDE.png\" alt=\"\" class=\"wp-image-18949\"\/><\/figure>\n\n\n\n<p>A crian\u00e7a foi encontrada na noite de ter\u00e7a-feira (30) com a m\u00e3e biol\u00f3gica e o seu companheiro, na cidade de Governador Valadares, em Minas Gerais. A a\u00e7\u00e3o contou com o apoio da Pol\u00edcia Civil de Minas Gerais (PCMG).<\/p>\n\n\n\n<p><em>\u201cO casal foi identificado naquela cidade e prontamente entramos em contato com a delegacia antissequestro de Governador Valadares, que nos deu total apoio para chegar at\u00e9 o local. Ela foi resgatada e foram cumpridos os mandados de pris\u00e3o dos suspeitos\u201d, explicou o delegado da PCPR Diego Ribeiro.<\/em><\/p>\n\n\n\n<p>A PCPR instaurou um inqu\u00e9rito por sequestro contra os suspeitos e vai investigar se houve participa\u00e7\u00e3o de outras pessoas no crime. A pessoa que abrigava o casal em Governador Valadares tamb\u00e9m foi conduzida \u00e0 delegacia e dever\u00e1 responder por favorecimento pessoal.<\/p>\n\n\n\n<p>Foram realizados exames de les\u00f5es corporais nesta manh\u00e3, que identificaram que a crian\u00e7a est\u00e1 bem e n\u00e3o passou por situa\u00e7\u00f5es de viol\u00eancia f\u00edsica.<\/p>\n\n\n\n<figure class=\"wp-block-image size-full\"><img decoding=\"async\" src=\"https:\/\/radiostudiow.com.br\/site\/wp-content\/uploads\/2024\/01\/SITE-GRANDE5.png\" alt=\"\" class=\"wp-image-18704\"\/><\/figure>\n\n\n\n<p>Juntamente com a Secretaria Municipal de Assist\u00eancia Social, a Pol\u00edcia Civil est\u00e1 tratando agora do retorno da menina at\u00e9 Cascavel. Ela ser\u00e1 encaminhada prontamente a uma fam\u00edlia acolhedora e ter\u00e1 acompanhamento psicol\u00f3gico e de assistentes sociais.<\/p>\n\n\n\n<p><em>\u201cAgora vamos dar continuidade aos tr\u00e2mites do inqu\u00e9rito, para poder finalizar o mais r\u00e1pido poss\u00edvel e enviar ao Judici\u00e1rio\u201d, disse a delegada da PCPR Graziela Lopes.<\/em><\/p>\n\n\n\n<p><strong>DESAPARECIMENTO<\/strong><\/p>\n\n\n\n<p>A menina desapareceu no dia 11 de janeiro, quando estava na casa de uma fam\u00edlia acolhedora, que cuida temporariamente de crian\u00e7as que vivem em abrigos, enquanto \u00e9 trabalhado no processo de reinser\u00e7\u00e3o \u00e0 fam\u00edlia biol\u00f3gica ou, conforme o caso, na destitui\u00e7\u00e3o dos v\u00ednculos familiares, para que a cria\u00e7\u00e3o possa ser encaminhada \u00e0 ado\u00e7\u00e3o.<\/p>\n\n\n\n<figure class=\"wp-block-image size-full\"><img decoding=\"async\" src=\"https:\/\/radiostudiow.com.br\/site\/wp-content\/uploads\/2024\/01\/SITE-PEQUENO3.png\" alt=\"\" class=\"wp-image-18924\"\/><\/figure>\n\n\n\n<p>A Pol\u00edcia Civil do Paran\u00e1 iniciou no mesmo dia as dilig\u00eancias para encontrar a menina, com o processo sendo conduzido em sigilo para n\u00e3o comprometer as investiga\u00e7\u00f5es sobre o seu paradeiro. Assim que o casal suspeito foi localizado em Governador Valadares, a PCPR contatou a pol\u00edcia mineira para dar suporte e cumprir o mandado de pris\u00e3o dos suspeitos.<\/p>\n\n\n\n<p><em>Fonte: <a href=\"https:\/\/www.folhadeirati.com.br\/\" data-type=\"link\" data-id=\"https:\/\/www.folhadeirati.com.br\/\">Folha de Irati<\/a><\/em><\/p>\n","protected":false},"excerpt":{"rendered":"<p>A Pol\u00edcia Civil do Paran\u00e1 (PCPR) localizou a menina \u00c1gatha Saraiva, de 3 anos, que estava desaparecida desde o dia 11 de janeiro, quando foi tirada da fam\u00edlia acolhedora com quem vivia em Cascavel, no Oeste do Estado. A crian\u00e7a foi encontrada na noite de ter\u00e7a-feira (30) com a m\u00e3e biol\u00f3gica e o seu companheiro, [&hellip;]<\/p>\n","protected":false},"author":2,"featured_media":18694,"comment_status":"open","ping_status":"open","sticky":false,"template":"","format":"standard","meta":{"footnotes":""},"categories":[2],"tags":[172],"class_list":["post-19434","post","type-post","status-publish","format-standard","has-post-thumbnail","hentry","category-policial","tag-featured"],"amp_enabled":true,"_links":{"self":[{"href":"https:\/\/radiostudiow.com.br\/site\/wp-json\/wp\/v2\/posts\/19434","targetHints":{"allow":["GET"]}}],"collection":[{"href":"https:\/\/radiostudiow.com.br\/site\/wp-json\/wp\/v2\/posts"}],"about":[{"href":"https:\/\/radiostudiow.com.br\/site\/wp-json\/wp\/v2\/types\/post"}],"author":[{"embeddable":true,"href":"https:\/\/radiostudiow.com.br\/site\/wp-json\/wp\/v2\/users\/2"}],"replies":[{"embeddable":true,"href":"https:\/\/radiostudiow.com.br\/site\/wp-json\/wp\/v2\/comments?post=19434"}],"version-history":[{"count":2,"href":"https:\/\/radiostudiow.com.br\/site\/wp-json\/wp\/v2\/posts\/19434\/revisions"}],"predecessor-version":[{"id":19437,"href":"https:\/\/radiostudiow.com.br\/site\/wp-json\/wp\/v2\/posts\/19434\/revisions\/19437"}],"wp:featuredmedia":[{"embeddable":true,"href":"https:\/\/radiostudiow.com.br\/site\/wp-json\/wp\/v2\/media\/18694"}],"wp:attachment":[{"href":"https:\/\/radiostudiow.com.br\/site\/wp-json\/wp\/v2\/media?parent=19434"}],"wp:term":[{"taxonomy":"category","embeddable":true,"href":"https:\/\/radiostudiow.com.br\/site\/wp-json\/wp\/v2\/categories?post=19434"},{"taxonomy":"post_tag","embeddable":true,"href":"https:\/\/radiostudiow.com.br\/site\/wp-json\/wp\/v2\/tags?post=19434"}],"curies":[{"name":"wp","href":"https:\/\/api.w.org\/{rel}","templated":true}]}}