{"id":19452,"date":"2024-02-01T11:57:12","date_gmt":"2024-02-01T14:57:12","guid":{"rendered":"https:\/\/radiostudiow.com.br\/site\/?p=19452"},"modified":"2025-01-31T15:02:14","modified_gmt":"2025-01-31T18:02:14","slug":"motocicleta-sem-placa-e-documentacao-e-apreendida-no-centro-de-cruz-machado","status":"publish","type":"post","link":"https:\/\/radiostudiow.com.br\/site\/2024\/02\/01\/motocicleta-sem-placa-e-documentacao-e-apreendida-no-centro-de-cruz-machado\/","title":{"rendered":"Motocicleta sem placa e documenta\u00e7\u00e3o \u00e9 apreendida no Centro de Cruz Machado"},"content":{"rendered":"\n<figure class=\"wp-block-image size-full\"><img decoding=\"async\" src=\"https:\/\/radiostudiow.com.br\/site\/wp-content\/uploads\/2024\/01\/SITE-GRANDE4.png\" alt=\"\" class=\"wp-image-18920\"\/><\/figure>\n\n\n\n<p>Na tarde de quarta-feira, 31 de janeiro, por volta das 15h05min, uma equipe policial em patrulhamento pela Avenida do Centro de Cruz Machado realizou uma abordagem que resultou na apreens\u00e3o de uma motocicleta vermelha em situa\u00e7\u00e3o irregular.<\/p>\n\n\n\n<p>Os policiais avistaram a motocicleta em quest\u00e3o quando o condutor, utilizando chinelos abertos, chamou a aten\u00e7\u00e3o da equipe. Ao se aproximarem do ve\u00edculo, os agentes perceberam que a motocicleta estava desprovida da placa de identifica\u00e7\u00e3o, configurando uma irregularidade de tr\u00e2nsito.<\/p>\n\n\n\n<p>Diante da situa\u00e7\u00e3o, os policiais procederam com a abordagem e identificaram o condutor. Foi constatado que a motocicleta apresentava pend\u00eancias na documenta\u00e7\u00e3o, o que motivou a apreens\u00e3o do ve\u00edculo e a condu\u00e7\u00e3o do condutor para o PPM de Cruz Machado.<\/p>\n\n\n\n<figure class=\"wp-block-image size-full\"><img decoding=\"async\" src=\"https:\/\/radiostudiow.com.br\/site\/wp-content\/uploads\/2024\/01\/SITE-PEQUENO-1.png\" alt=\"\" class=\"wp-image-19268\"\/><\/figure>\n","protected":false},"excerpt":{"rendered":"<p>Na tarde de quarta-feira, 31 de janeiro, por volta das 15h05min, uma equipe policial em patrulhamento pela Avenida do Centro de Cruz Machado realizou uma abordagem que resultou na apreens\u00e3o de uma motocicleta vermelha em situa\u00e7\u00e3o irregular. Os policiais avistaram a motocicleta em quest\u00e3o quando o condutor, utilizando chinelos abertos, chamou a aten\u00e7\u00e3o da equipe. [&hellip;]<\/p>\n","protected":false},"author":2,"featured_media":18707,"comment_status":"open","ping_status":"open","sticky":false,"template":"","format":"standard","meta":{"footnotes":""},"categories":[2,185],"tags":[172],"class_list":["post-19452","post","type-post","status-publish","format-standard","has-post-thumbnail","hentry","category-policial","category-regional","tag-featured"],"amp_enabled":true,"_links":{"self":[{"href":"https:\/\/radiostudiow.com.br\/site\/wp-json\/wp\/v2\/posts\/19452","targetHints":{"allow":["GET"]}}],"collection":[{"href":"https:\/\/radiostudiow.com.br\/site\/wp-json\/wp\/v2\/posts"}],"about":[{"href":"https:\/\/radiostudiow.com.br\/site\/wp-json\/wp\/v2\/types\/post"}],"author":[{"embeddable":true,"href":"https:\/\/radiostudiow.com.br\/site\/wp-json\/wp\/v2\/users\/2"}],"replies":[{"embeddable":true,"href":"https:\/\/radiostudiow.com.br\/site\/wp-json\/wp\/v2\/comments?post=19452"}],"version-history":[{"count":1,"href":"https:\/\/radiostudiow.com.br\/site\/wp-json\/wp\/v2\/posts\/19452\/revisions"}],"predecessor-version":[{"id":19453,"href":"https:\/\/radiostudiow.com.br\/site\/wp-json\/wp\/v2\/posts\/19452\/revisions\/19453"}],"wp:featuredmedia":[{"embeddable":true,"href":"https:\/\/radiostudiow.com.br\/site\/wp-json\/wp\/v2\/media\/18707"}],"wp:attachment":[{"href":"https:\/\/radiostudiow.com.br\/site\/wp-json\/wp\/v2\/media?parent=19452"}],"wp:term":[{"taxonomy":"category","embeddable":true,"href":"https:\/\/radiostudiow.com.br\/site\/wp-json\/wp\/v2\/categories?post=19452"},{"taxonomy":"post_tag","embeddable":true,"href":"https:\/\/radiostudiow.com.br\/site\/wp-json\/wp\/v2\/tags?post=19452"}],"curies":[{"name":"wp","href":"https:\/\/api.w.org\/{rel}","templated":true}]}}